{"id":6633,"date":"2018-10-05T12:45:50","date_gmt":"2018-10-05T16:45:50","guid":{"rendered":"http:\/\/courchesnelarose.emdev.ca\/fresh-square-3\/"},"modified":"2019-03-18T11:42:32","modified_gmt":"2019-03-18T15:42:32","slug":"la-plus-grande-salade-de-fruits-au-monde-est-montrealaise","status":"publish","type":"post","link":"https:\/\/courchesnelarose.com\/en\/la-plus-grande-salade-de-fruits-au-monde-est-montrealaise\/","title":{"rendered":"La plus grande salade de fruits au monde est montr\u00e9alaise"},"content":{"rendered":"<p>Plus de 600 personnes ont particip\u00e9 \u00e0 la confection de cette salade de fruits dans le cadre du 100e anniversaire de l\u2019entreprise montr\u00e9alaise Courchesne Larose, un g\u00e9ant de la distribution de fruits et l\u00e9gumes au Canada.<\/p>\n<p>Le record historique devrait \u00eatre officiellement homologu\u00e9 par le Livre des records Guinness au cours des prochains mois, ont indiqu\u00e9 les organisateurs, en soir\u00e9e, vendredi.<\/p>\n<div class=\"photo-inline\">\n<div class=\"espacePhoto\"><a class=\"fancybox\" href=\"https:\/\/storage.journaldemontreal.com\/v1\/dynamic_resize\/sws_path\/jdx-prod-images\/23808b7e-2ac8-471a-ad1e-f38ce75a9f7b_ORIGINAL.jpg?quality=80&amp;version=4&amp;size=1200x\" rel=\"group\"><picture><source srcset=\"https:\/\/storage.journaldemontreal.com\/v1\/dynamic_resize\/sws_path\/jdx-prod-images\/23808b7e-2ac8-471a-ad1e-f38ce75a9f7b_ORIGINAL.jpg?quality=80&amp;version=4&amp;size=968x, https:\/\/storage.journaldemontreal.com\/v1\/dynamic_resize\/sws_path\/jdx-prod-images\/23808b7e-2ac8-471a-ad1e-f38ce75a9f7b_ORIGINAL.jpg?quality=80&amp;version=4&amp;size=1936x 2x\" media=\"(min-width: 40em)\" \/><\/picture><\/a><\/div>\n<\/div>\n<div>\n<p>L\u2019\u00e9v\u00e9nement intitul\u00e9 \u00abLa Grande Coupe\u00bb s\u2019est d\u00e9roul\u00e9 sur l\u2019esplanade du Parc olympique et a rassembl\u00e9 des partenaires et des employ\u00e9s de Courchesne Larose.<\/p>\n<div class=\"photo-inline\">\n<div class=\"espacePhoto\"><a class=\"fancybox\" href=\"https:\/\/storage.journaldemontreal.com\/v1\/dynamic_resize\/sws_path\/jdx-prod-images\/e3fb1dcf-7ac6-4da7-a5fb-a2b53af078b2_ORIGINAL.jpg?quality=80&amp;version=4&amp;size=1200x\" rel=\"group\"><picture><source srcset=\"https:\/\/storage.journaldemontreal.com\/v1\/dynamic_resize\/sws_path\/jdx-prod-images\/e3fb1dcf-7ac6-4da7-a5fb-a2b53af078b2_ORIGINAL.jpg?quality=80&amp;version=4&amp;size=968x, https:\/\/storage.journaldemontreal.com\/v1\/dynamic_resize\/sws_path\/jdx-prod-images\/e3fb1dcf-7ac6-4da7-a5fb-a2b53af078b2_ORIGINAL.jpg?quality=80&amp;version=4&amp;size=1936x 2x\" media=\"(min-width: 40em)\" \/><\/picture><\/a><\/div>\n<div>\n<p>\u00abPendant trois heures, les participants ont pel\u00e9 et tranch\u00e9 des fruits en suivant \u00e0 la lettre la recette d\u00e9velopp\u00e9e exclusivement pour l\u2019occasion par le chef p\u00e2tissier qu\u00e9b\u00e9cois Patrice Demers\u00bb, peut-on lire dans le communiqu\u00e9 annon\u00e7ant le record.<\/p>\n<div class=\"photo-inline\">\n<div class=\"espacePhoto\"><a class=\"fancybox\" href=\"https:\/\/storage.journaldemontreal.com\/v1\/dynamic_resize\/sws_path\/jdx-prod-images\/063be507-08fe-4cfd-bfcb-b124e2e5d1a6_ORIGINAL.jpg?quality=80&amp;version=4&amp;size=1200x\" rel=\"group\"><picture><source srcset=\"https:\/\/storage.journaldemontreal.com\/v1\/dynamic_resize\/sws_path\/jdx-prod-images\/063be507-08fe-4cfd-bfcb-b124e2e5d1a6_ORIGINAL.jpg?quality=80&amp;version=4&amp;size=968x, https:\/\/storage.journaldemontreal.com\/v1\/dynamic_resize\/sws_path\/jdx-prod-images\/063be507-08fe-4cfd-bfcb-b124e2e5d1a6_ORIGINAL.jpg?quality=80&amp;version=4&amp;size=1936x 2x\" media=\"(min-width: 40em)\" \/><\/picture><\/a><\/div>\n<div>\n<p>Une fois compl\u00e9t\u00e9e et mesur\u00e9e, la gigantesque salade de fruits a \u00e9t\u00e9 remise \u00e0 des organismes communautaires du r\u00e9seau de Moisson Montr\u00e9al par le biais du programme de r\u00e9cup\u00e9ration alimentaire de La Tabl\u00e9e des Chefs.<\/p>\n<div class=\"photo-inline\">\n<div class=\"espacePhoto\"><a class=\"fancybox\" href=\"https:\/\/storage.journaldemontreal.com\/v1\/dynamic_resize\/sws_path\/jdx-prod-images\/68227ef8-1ca2-4f0f-b270-d98887371bc5_ORIGINAL.jpg?quality=80&amp;version=4&amp;size=1200x\" rel=\"group\"><picture><source srcset=\"https:\/\/storage.journaldemontreal.com\/v1\/dynamic_resize\/sws_path\/jdx-prod-images\/68227ef8-1ca2-4f0f-b270-d98887371bc5_ORIGINAL.jpg?quality=80&amp;version=4&amp;size=968x, https:\/\/storage.journaldemontreal.com\/v1\/dynamic_resize\/sws_path\/jdx-prod-images\/68227ef8-1ca2-4f0f-b270-d98887371bc5_ORIGINAL.jpg?quality=80&amp;version=4&amp;size=1936x 2x\" media=\"(min-width: 40em)\" \/><\/picture><\/a><\/div>\n<div>\n<article class=\"article-container\">\n<div class=\"article-section-narrow tx-courant\">\n<div id=\"StoryDetailBody5bb8154a30eeafe69da52612\" class=\"article-main-txt\">\n<p>\u00abPour nous, il \u00e9tait important que cet \u00e9v\u00e9nement ait une composante communautaire, car redonner \u00e0 la soci\u00e9t\u00e9 est dans l\u2019ADN de notre entreprise depuis ses tout d\u00e9buts, notamment \u00e0 travers la Fondation Louis-Charles Routhier\u00bb, a affirm\u00e9 Michel Routhier, de Courchesne Larose.<\/p>\n<\/div>\n<\/div>\n<div id=\"paywallArticleOffer\">cr\u00e9dit photo : <em>MARIO BEAUREGARD\/AGENCE QMI<\/em><\/div>\n<div><\/div>\n<\/article>\n<div id=\"reco_cx\" class=\"recommended-story internal\" data-cxense-widget-id=\"5ed97d09713c30ee3807ffe94afaca6b90904daf\" data-widgettype=\"module reco\" data-context=\"StoryDetail\" data-algo=\"collabctx\" data-widget-pos=\"bas article\" data-cxense-widgettype=\"RECOMMAND\u00c9 POUR VOUS\">\n<div class=\"same-subject-container\"><a href=\"https:\/\/www.journaldemontreal.com\/2018\/10\/05\/la-plus-grande-salade-de-fruits-au-monde-est-montrealaise\">Journal de Montr\u00e9al, AGENCE QMI, publi\u00e9 le v<time datetime=\"2018-10-06T01:51:21Z\">endredi, 5 octobre 2018 21:51<\/time><\/a><\/div>\n<\/div>\n<\/div>\n<\/div>\n<\/div>\n<\/div>\n<\/div>\n<\/div>\n<\/div>\n","protected":false},"excerpt":{"rendered":"<p>Fresh Square, le potager d\u2019int\u00e9rieur qui veut r\u00e9volutionner la consommation de fruits et l\u00e9gumes frais \u00e0 domicile [&#8230;]<\/p>\n<p><a class=\"btn btn-secondary understrap-read-more-link\" href=\"https:\/\/courchesnelarose.com\/en\/la-plus-grande-salade-de-fruits-au-monde-est-montrealaise\/\">Read More&#8230;<\/a><\/p>\n","protected":false},"author":9,"featured_media":6668,"comment_status":"closed","ping_status":"closed","sticky":false,"template":"","format":"standard","meta":{"_acf_changed":false,"footnotes":""},"categories":[2],"tags":[],"class_list":["post-6633","post","type-post","status-publish","format-standard","has-post-thumbnail","hentry","category-uncategorized"],"acf":[],"yoast_head":"<!-- This site is optimized with the Yoast SEO plugin v27.4 - https:\/\/yoast.com\/product\/yoast-seo-wordpress\/ -->\n<title>La plus grande salade de fruits au monde est montr\u00e9alaise - Courchesne Larose<\/title>\n<meta name=\"robots\" content=\"index, follow, max-snippet:-1, max-image-preview:large, max-video-preview:-1\" \/>\n<link rel=\"canonical\" href=\"https:\/\/courchesnelarose.com\/en\/la-plus-grande-salade-de-fruits-au-monde-est-montrealaise\/\" \/>\n<meta property=\"og:locale\" content=\"en_US\" \/>\n<meta property=\"og:type\" content=\"article\" \/>\n<meta property=\"og:title\" content=\"La plus grande salade de fruits au monde est montr\u00e9alaise - Courchesne Larose\" \/>\n<meta property=\"og:description\" content=\"Fresh Square, le potager d\u2019int\u00e9rieur qui veut r\u00e9volutionner la consommation de fruits et l\u00e9gumes frais \u00e0 domicile [...]Read More...\" \/>\n<meta property=\"og:url\" content=\"https:\/\/courchesnelarose.com\/en\/la-plus-grande-salade-de-fruits-au-monde-est-montrealaise\/\" \/>\n<meta property=\"og:site_name\" content=\"Courchesne Larose\" \/>\n<meta property=\"article:published_time\" content=\"2018-10-05T16:45:50+00:00\" \/>\n<meta property=\"article:modified_time\" content=\"2019-03-18T15:42:32+00:00\" \/>\n<meta property=\"og:image\" content=\"https:\/\/cla.em2.dev\/wp-content\/uploads\/2019\/02\/Courchesne_larose_QMI_salade_fruits.jpg\" \/>\n\t<meta property=\"og:image:width\" content=\"968\" \/>\n\t<meta property=\"og:image:height\" content=\"645\" \/>\n\t<meta property=\"og:image:type\" content=\"image\/jpeg\" \/>\n<meta name=\"author\" content=\"Michelle Pepin\" \/>\n<meta name=\"twitter:card\" content=\"summary_large_image\" \/>\n<meta name=\"twitter:label1\" content=\"Written by\" \/>\n\t<meta name=\"twitter:data1\" content=\"Michelle Pepin\" \/>\n\t<meta name=\"twitter:label2\" content=\"Est. reading time\" \/>\n\t<meta name=\"twitter:data2\" content=\"1 minute\" \/>\n<script type=\"application\/ld+json\" class=\"yoast-schema-graph\">{\"@context\":\"https:\\\/\\\/schema.org\",\"@graph\":[{\"@type\":\"Article\",\"@id\":\"https:\\\/\\\/courchesnelarose.com\\\/en\\\/la-plus-grande-salade-de-fruits-au-monde-est-montrealaise\\\/#article\",\"isPartOf\":{\"@id\":\"https:\\\/\\\/courchesnelarose.com\\\/en\\\/la-plus-grande-salade-de-fruits-au-monde-est-montrealaise\\\/\"},\"author\":{\"name\":\"Michelle Pepin\",\"@id\":\"https:\\\/\\\/courchesnelarose.com\\\/en\\\/#\\\/schema\\\/person\\\/bf42c91aa7a4863646ccbad23f69f0be\"},\"headline\":\"La plus grande salade de fruits au monde est montr\u00e9alaise\",\"datePublished\":\"2018-10-05T16:45:50+00:00\",\"dateModified\":\"2019-03-18T15:42:32+00:00\",\"mainEntityOfPage\":{\"@id\":\"https:\\\/\\\/courchesnelarose.com\\\/en\\\/la-plus-grande-salade-de-fruits-au-monde-est-montrealaise\\\/\"},\"wordCount\":249,\"image\":{\"@id\":\"https:\\\/\\\/courchesnelarose.com\\\/en\\\/la-plus-grande-salade-de-fruits-au-monde-est-montrealaise\\\/#primaryimage\"},\"thumbnailUrl\":\"https:\\\/\\\/courchesnelarose.com\\\/wp-content\\\/uploads\\\/2019\\\/02\\\/Courchesne_larose_QMI_salade_fruits.jpg\",\"inLanguage\":\"en-US\"},{\"@type\":\"WebPage\",\"@id\":\"https:\\\/\\\/courchesnelarose.com\\\/en\\\/la-plus-grande-salade-de-fruits-au-monde-est-montrealaise\\\/\",\"url\":\"https:\\\/\\\/courchesnelarose.com\\\/en\\\/la-plus-grande-salade-de-fruits-au-monde-est-montrealaise\\\/\",\"name\":\"La plus grande salade de fruits au monde est montr\u00e9alaise - Courchesne Larose\",\"isPartOf\":{\"@id\":\"https:\\\/\\\/courchesnelarose.com\\\/en\\\/#website\"},\"primaryImageOfPage\":{\"@id\":\"https:\\\/\\\/courchesnelarose.com\\\/en\\\/la-plus-grande-salade-de-fruits-au-monde-est-montrealaise\\\/#primaryimage\"},\"image\":{\"@id\":\"https:\\\/\\\/courchesnelarose.com\\\/en\\\/la-plus-grande-salade-de-fruits-au-monde-est-montrealaise\\\/#primaryimage\"},\"thumbnailUrl\":\"https:\\\/\\\/courchesnelarose.com\\\/wp-content\\\/uploads\\\/2019\\\/02\\\/Courchesne_larose_QMI_salade_fruits.jpg\",\"datePublished\":\"2018-10-05T16:45:50+00:00\",\"dateModified\":\"2019-03-18T15:42:32+00:00\",\"author\":{\"@id\":\"https:\\\/\\\/courchesnelarose.com\\\/en\\\/#\\\/schema\\\/person\\\/bf42c91aa7a4863646ccbad23f69f0be\"},\"breadcrumb\":{\"@id\":\"https:\\\/\\\/courchesnelarose.com\\\/en\\\/la-plus-grande-salade-de-fruits-au-monde-est-montrealaise\\\/#breadcrumb\"},\"inLanguage\":\"en-US\",\"potentialAction\":[{\"@type\":\"ReadAction\",\"target\":[\"https:\\\/\\\/courchesnelarose.com\\\/en\\\/la-plus-grande-salade-de-fruits-au-monde-est-montrealaise\\\/\"]}]},{\"@type\":\"ImageObject\",\"inLanguage\":\"en-US\",\"@id\":\"https:\\\/\\\/courchesnelarose.com\\\/en\\\/la-plus-grande-salade-de-fruits-au-monde-est-montrealaise\\\/#primaryimage\",\"url\":\"https:\\\/\\\/courchesnelarose.com\\\/wp-content\\\/uploads\\\/2019\\\/02\\\/Courchesne_larose_QMI_salade_fruits.jpg\",\"contentUrl\":\"https:\\\/\\\/courchesnelarose.com\\\/wp-content\\\/uploads\\\/2019\\\/02\\\/Courchesne_larose_QMI_salade_fruits.jpg\",\"width\":968,\"height\":645},{\"@type\":\"BreadcrumbList\",\"@id\":\"https:\\\/\\\/courchesnelarose.com\\\/en\\\/la-plus-grande-salade-de-fruits-au-monde-est-montrealaise\\\/#breadcrumb\",\"itemListElement\":[{\"@type\":\"ListItem\",\"position\":1,\"name\":\"Home\",\"item\":\"https:\\\/\\\/courchesnelarose.com\\\/en\\\/\"},{\"@type\":\"ListItem\",\"position\":2,\"name\":\"La plus grande salade de fruits au monde est montr\u00e9alaise\"}]},{\"@type\":\"WebSite\",\"@id\":\"https:\\\/\\\/courchesnelarose.com\\\/en\\\/#website\",\"url\":\"https:\\\/\\\/courchesnelarose.com\\\/en\\\/\",\"name\":\"Courchesne Larose\",\"description\":\"\",\"potentialAction\":[{\"@type\":\"SearchAction\",\"target\":{\"@type\":\"EntryPoint\",\"urlTemplate\":\"https:\\\/\\\/courchesnelarose.com\\\/en\\\/?s={search_term_string}\"},\"query-input\":{\"@type\":\"PropertyValueSpecification\",\"valueRequired\":true,\"valueName\":\"search_term_string\"}}],\"inLanguage\":\"en-US\"},{\"@type\":\"Person\",\"@id\":\"https:\\\/\\\/courchesnelarose.com\\\/en\\\/#\\\/schema\\\/person\\\/bf42c91aa7a4863646ccbad23f69f0be\",\"name\":\"Michelle Pepin\",\"image\":{\"@type\":\"ImageObject\",\"inLanguage\":\"en-US\",\"@id\":\"https:\\\/\\\/secure.gravatar.com\\\/avatar\\\/56ada9a38f258d1139b774c2e5f74e0e54f12ca7a776a0d09d78347afdc2d9da?s=96&d=mm&r=g\",\"url\":\"https:\\\/\\\/secure.gravatar.com\\\/avatar\\\/56ada9a38f258d1139b774c2e5f74e0e54f12ca7a776a0d09d78347afdc2d9da?s=96&d=mm&r=g\",\"contentUrl\":\"https:\\\/\\\/secure.gravatar.com\\\/avatar\\\/56ada9a38f258d1139b774c2e5f74e0e54f12ca7a776a0d09d78347afdc2d9da?s=96&d=mm&r=g\",\"caption\":\"Michelle Pepin\"},\"url\":\"https:\\\/\\\/courchesnelarose.com\\\/en\\\/author\\\/michelle-pepin\\\/\"}]}<\/script>\n<!-- \/ Yoast SEO plugin. -->","yoast_head_json":{"title":"La plus grande salade de fruits au monde est montr\u00e9alaise - Courchesne Larose","robots":{"index":"index","follow":"follow","max-snippet":"max-snippet:-1","max-image-preview":"max-image-preview:large","max-video-preview":"max-video-preview:-1"},"canonical":"https:\/\/courchesnelarose.com\/en\/la-plus-grande-salade-de-fruits-au-monde-est-montrealaise\/","og_locale":"en_US","og_type":"article","og_title":"La plus grande salade de fruits au monde est montr\u00e9alaise - Courchesne Larose","og_description":"Fresh Square, le potager d\u2019int\u00e9rieur qui veut r\u00e9volutionner la consommation de fruits et l\u00e9gumes frais \u00e0 domicile [...]Read More...","og_url":"https:\/\/courchesnelarose.com\/en\/la-plus-grande-salade-de-fruits-au-monde-est-montrealaise\/","og_site_name":"Courchesne Larose","article_published_time":"2018-10-05T16:45:50+00:00","article_modified_time":"2019-03-18T15:42:32+00:00","og_image":[{"width":968,"height":645,"url":"https:\/\/cla.em2.dev\/wp-content\/uploads\/2019\/02\/Courchesne_larose_QMI_salade_fruits.jpg","type":"image\/jpeg"}],"author":"Michelle Pepin","twitter_card":"summary_large_image","twitter_misc":{"Written by":"Michelle Pepin","Est. reading time":"1 minute"},"schema":{"@context":"https:\/\/schema.org","@graph":[{"@type":"Article","@id":"https:\/\/courchesnelarose.com\/en\/la-plus-grande-salade-de-fruits-au-monde-est-montrealaise\/#article","isPartOf":{"@id":"https:\/\/courchesnelarose.com\/en\/la-plus-grande-salade-de-fruits-au-monde-est-montrealaise\/"},"author":{"name":"Michelle Pepin","@id":"https:\/\/courchesnelarose.com\/en\/#\/schema\/person\/bf42c91aa7a4863646ccbad23f69f0be"},"headline":"La plus grande salade de fruits au monde est montr\u00e9alaise","datePublished":"2018-10-05T16:45:50+00:00","dateModified":"2019-03-18T15:42:32+00:00","mainEntityOfPage":{"@id":"https:\/\/courchesnelarose.com\/en\/la-plus-grande-salade-de-fruits-au-monde-est-montrealaise\/"},"wordCount":249,"image":{"@id":"https:\/\/courchesnelarose.com\/en\/la-plus-grande-salade-de-fruits-au-monde-est-montrealaise\/#primaryimage"},"thumbnailUrl":"https:\/\/courchesnelarose.com\/wp-content\/uploads\/2019\/02\/Courchesne_larose_QMI_salade_fruits.jpg","inLanguage":"en-US"},{"@type":"WebPage","@id":"https:\/\/courchesnelarose.com\/en\/la-plus-grande-salade-de-fruits-au-monde-est-montrealaise\/","url":"https:\/\/courchesnelarose.com\/en\/la-plus-grande-salade-de-fruits-au-monde-est-montrealaise\/","name":"La plus grande salade de fruits au monde est montr\u00e9alaise - Courchesne Larose","isPartOf":{"@id":"https:\/\/courchesnelarose.com\/en\/#website"},"primaryImageOfPage":{"@id":"https:\/\/courchesnelarose.com\/en\/la-plus-grande-salade-de-fruits-au-monde-est-montrealaise\/#primaryimage"},"image":{"@id":"https:\/\/courchesnelarose.com\/en\/la-plus-grande-salade-de-fruits-au-monde-est-montrealaise\/#primaryimage"},"thumbnailUrl":"https:\/\/courchesnelarose.com\/wp-content\/uploads\/2019\/02\/Courchesne_larose_QMI_salade_fruits.jpg","datePublished":"2018-10-05T16:45:50+00:00","dateModified":"2019-03-18T15:42:32+00:00","author":{"@id":"https:\/\/courchesnelarose.com\/en\/#\/schema\/person\/bf42c91aa7a4863646ccbad23f69f0be"},"breadcrumb":{"@id":"https:\/\/courchesnelarose.com\/en\/la-plus-grande-salade-de-fruits-au-monde-est-montrealaise\/#breadcrumb"},"inLanguage":"en-US","potentialAction":[{"@type":"ReadAction","target":["https:\/\/courchesnelarose.com\/en\/la-plus-grande-salade-de-fruits-au-monde-est-montrealaise\/"]}]},{"@type":"ImageObject","inLanguage":"en-US","@id":"https:\/\/courchesnelarose.com\/en\/la-plus-grande-salade-de-fruits-au-monde-est-montrealaise\/#primaryimage","url":"https:\/\/courchesnelarose.com\/wp-content\/uploads\/2019\/02\/Courchesne_larose_QMI_salade_fruits.jpg","contentUrl":"https:\/\/courchesnelarose.com\/wp-content\/uploads\/2019\/02\/Courchesne_larose_QMI_salade_fruits.jpg","width":968,"height":645},{"@type":"BreadcrumbList","@id":"https:\/\/courchesnelarose.com\/en\/la-plus-grande-salade-de-fruits-au-monde-est-montrealaise\/#breadcrumb","itemListElement":[{"@type":"ListItem","position":1,"name":"Home","item":"https:\/\/courchesnelarose.com\/en\/"},{"@type":"ListItem","position":2,"name":"La plus grande salade de fruits au monde est montr\u00e9alaise"}]},{"@type":"WebSite","@id":"https:\/\/courchesnelarose.com\/en\/#website","url":"https:\/\/courchesnelarose.com\/en\/","name":"Courchesne Larose","description":"","potentialAction":[{"@type":"SearchAction","target":{"@type":"EntryPoint","urlTemplate":"https:\/\/courchesnelarose.com\/en\/?s={search_term_string}"},"query-input":{"@type":"PropertyValueSpecification","valueRequired":true,"valueName":"search_term_string"}}],"inLanguage":"en-US"},{"@type":"Person","@id":"https:\/\/courchesnelarose.com\/en\/#\/schema\/person\/bf42c91aa7a4863646ccbad23f69f0be","name":"Michelle Pepin","image":{"@type":"ImageObject","inLanguage":"en-US","@id":"https:\/\/secure.gravatar.com\/avatar\/56ada9a38f258d1139b774c2e5f74e0e54f12ca7a776a0d09d78347afdc2d9da?s=96&d=mm&r=g","url":"https:\/\/secure.gravatar.com\/avatar\/56ada9a38f258d1139b774c2e5f74e0e54f12ca7a776a0d09d78347afdc2d9da?s=96&d=mm&r=g","contentUrl":"https:\/\/secure.gravatar.com\/avatar\/56ada9a38f258d1139b774c2e5f74e0e54f12ca7a776a0d09d78347afdc2d9da?s=96&d=mm&r=g","caption":"Michelle Pepin"},"url":"https:\/\/courchesnelarose.com\/en\/author\/michelle-pepin\/"}]}},"_links":{"self":[{"href":"https:\/\/courchesnelarose.com\/en\/wp-json\/wp\/v2\/posts\/6633","targetHints":{"allow":["GET"]}}],"collection":[{"href":"https:\/\/courchesnelarose.com\/en\/wp-json\/wp\/v2\/posts"}],"about":[{"href":"https:\/\/courchesnelarose.com\/en\/wp-json\/wp\/v2\/types\/post"}],"author":[{"embeddable":true,"href":"https:\/\/courchesnelarose.com\/en\/wp-json\/wp\/v2\/users\/9"}],"replies":[{"embeddable":true,"href":"https:\/\/courchesnelarose.com\/en\/wp-json\/wp\/v2\/comments?post=6633"}],"version-history":[{"count":0,"href":"https:\/\/courchesnelarose.com\/en\/wp-json\/wp\/v2\/posts\/6633\/revisions"}],"wp:featuredmedia":[{"embeddable":true,"href":"https:\/\/courchesnelarose.com\/en\/wp-json\/wp\/v2\/media\/6668"}],"wp:attachment":[{"href":"https:\/\/courchesnelarose.com\/en\/wp-json\/wp\/v2\/media?parent=6633"}],"wp:term":[{"taxonomy":"category","embeddable":true,"href":"https:\/\/courchesnelarose.com\/en\/wp-json\/wp\/v2\/categories?post=6633"},{"taxonomy":"post_tag","embeddable":true,"href":"https:\/\/courchesnelarose.com\/en\/wp-json\/wp\/v2\/tags?post=6633"}],"curies":[{"name":"wp","href":"https:\/\/api.w.org\/{rel}","templated":true}]}}