{"id":7035,"date":"2019-03-18T11:51:12","date_gmt":"2019-03-18T15:51:12","guid":{"rendered":"http:\/\/courchesnelarose.emdev.ca\/courchesne-larose-un-geant-de-la-distribution\/"},"modified":"2019-03-20T16:11:04","modified_gmt":"2019-03-20T20:11:04","slug":"courchesne-larose-un-geant-de-la-distribution","status":"publish","type":"post","link":"https:\/\/courchesnelarose.com\/en\/courchesne-larose-un-geant-de-la-distribution\/","title":{"rendered":"Courchesne Larose: un g\u00e9ant de la distribution"},"content":{"rendered":"<p>Alain (A)\u00a0:\u00a0L\u2019entreprise est n\u00e9e dans le quartier Hochelaga-Maisonneuve et a d\u00e9but\u00e9 comme simple grossiste de fruits et l\u00e9gumes et de foin. Mon grand-p\u00e8re est devenu actionnaire de Courchesne Larose d\u00e8s ses d\u00e9buts et a rachet\u00e9 les parts des deux fondateurs par la suite. On servait les petits marchands locaux. Puis \u00e7\u2019a \u00e9t\u00e9 les cha\u00eenes de supermarch\u00e9s pour qui on livrait directement dans leurs magasins.<\/p>\n<p>Avec les ann\u00e9es, on a commenc\u00e9 \u00e0 acheter nos bananes \u00e0 New York, puis \u00e0 faire affaire directement avec les producteurs d\u2019Am\u00e9rique latine.<\/p>\n<p>On a \u00e9t\u00e9 les premiers, en 1968, \u00e0 importer des cl\u00e9mentines du Maroc. Avec les ann\u00e9es, l\u2019entreprise a \u00e9largi ses services. On a cr\u00e9\u00e9 une entreprise soeur responsable des importations et qui a \u00e9t\u00e9 rebaptis\u00e9e r\u00e9cemment Krops.<\/p>\n<p>Aujourd\u2019hui, on distribue nos fruits et l\u00e9gumes dans tout l\u2019est du Canada, jusqu\u2019\u00e0 Terre-Neuve. On a aussi acquis une entreprise de distribution aux \u00c9tats-Unis, \u00e9tablie au New Jersey, qui approvisionne les supermarch\u00e9s pour tout le nord-est des \u00c9tats-Unis.<\/p>\n<p><strong>Courchesne Larose a \u00e9t\u00e9 install\u00e9e durant plus de 90\u00a0ans dans le quartier Hochelaga-Maisonneuve, notamment rue Bercy, mais vous avez d\u00e9m\u00e9nag\u00e9 votre entrep\u00f4t en 2012. Pour quelles raisons\u00a0?<\/strong><\/p>\n<p>A\u00a0:\u00a0Durant longtemps, on livrait directement dans les magasins, mais maintenant on fait la distribution pour les grandes cha\u00eenes \u00e0 partir de leurs entrep\u00f4ts. Et on dessert toutes les r\u00e9gions du Qu\u00e9bec. Pour des raisons de logistique, notre entrep\u00f4t de la rue Bercy ne faisait plus l\u2019affaire.<\/p>\n<p>Michel\u00a0(M) :\u00a0On a d\u00e9m\u00e9nag\u00e9 en 2012 \u00e0 Anjou dans un entrep\u00f4t plus grand de 105\u00a0000\u00a0pieds carr\u00e9s et plus facile d\u2019acc\u00e8s. L\u2019an dernier, on l\u2019a agrandi de 75\u00a0000\u00a0pieds carr\u00e9s, et il faudra probablement l\u2019agrandir encore de 55\u00a0000\u00a0pieds carr\u00e9s.<\/p>\n<p>Jusqu\u2019en 2012, Courchesne Larose n\u2019avait jamais connu l\u2019endettement. M\u00eame en 1958, lorsque notre p\u00e8re a construit l\u2019entrep\u00f4t de la rue Bercy\u00a0; il avait contract\u00e9 un pr\u00eat, mais une fois les travaux termin\u00e9s, en 1960, il a rembours\u00e9 d\u2019un coup la banque.<\/p>\n<p><strong>Vous \u00eates, avec votre soeur Louise, les trois seuls actionnaires de Courchesne Larose. Comment r\u00e9alisez-vous l\u2019int\u00e9gration des membres de la quatri\u00e8me g\u00e9n\u00e9ration de la famille\u00a0?<\/strong><\/p>\n<p>M:\u00a0Alain est le PDG de Courchesne Larose. Moi, je suis administrateur de l\u2019entreprise, mais PDG du holding familial que mon p\u00e8re a baptis\u00e9 MICAEL, un acronyme form\u00e9 de Michel, Alain et Louise.<\/p>\n<p>Ma soeur s\u2019occupe principalement de la fondation sociale qu\u2019a mise sur pied notre p\u00e8re et qui est tr\u00e8s active dans le quartier Hochelaga-Maisonneuve.<\/p>\n<p>Les fils de Louise, Fr\u00e9d\u00e9ric et Alexandre Monette, se sont joints au groupe comme directeur des op\u00e9rations et responsable de nos activit\u00e9s de d\u00e9tail. Mon fils Yan est copr\u00e9sident de notre division d\u2019importation Krops et mon autre fils, Francis James, est directeur administratif de notre division am\u00e9ricaine Dandrea Produce.<\/p>\n<p><strong>Depuis quelques ann\u00e9es, vos op\u00e9rations se sont grandement diversifi\u00e9es. Pouvez-vous me r\u00e9sumer exactement les activit\u00e9s dans lesquelles vous \u00eates impliqu\u00e9s et leur importance relative\u00a0?<\/strong><\/p>\n<p>A :\u00a0Courchesne Larose compte 250\u00a0employ\u00e9s qui s\u2019occupent des activit\u00e9s de l\u2019entrep\u00f4t, o\u00f9 on effectue aussi des activit\u00e9s d\u2019emballage. Notre chiffre d\u2019affaires est de 250\u00a0millions.<\/p>\n<p>On a conclu il y a quelques mois l\u2019acquisition du distributeur J.B.\u00a0Laverdure, un groupe plus vieux encore que Courchesne Larose qui est install\u00e9 au march\u00e9 Jean-Talon. On a ajout\u00e9 une centaine d\u2019employ\u00e9s et un chiffre d\u2019affaires de 80\u00a0millions.<\/p>\n<p>Notre division d\u2019importation Krops r\u00e9alise un chiffre d\u2019affaires de 90\u00a0millions et compte une trentaine d\u2019employ\u00e9s.<\/p>\n<p>On a aussi lanc\u00e9, il y a plus de 10\u00a0ans, notre division Aliments Bercy, sp\u00e9cialis\u00e9e dans la distribution de fruits et l\u00e9gumes biologiques. Cette division, qui emploie plus de 150\u00a0personnes dans ses installations du boulevard Pie-IX, est dot\u00e9e de sa propre direction. Son PDG Mike Orsini est \u00e9galement actionnaire de l\u2019entreprise.<\/p>\n<p>M :\u00a0Lorsqu\u2019on regroupe toutes les activit\u00e9s de notre holding, on totalise plus de 900\u00a0employ\u00e9s et un chiffre d\u2019affaires de plus de 600\u00a0millions.<\/p>\n<p>Cela inclut les activit\u00e9s de notre division am\u00e9ricaine Dandrea Produce qui emploie une centaine de personnes dans le New Jersey et qui r\u00e9alise un chiffre d\u2019affaires annuel de 130\u00a0millions\u00a0US. On est \u00e9galement copropri\u00e9taires de l\u2019entreprise de camionnage qui r\u00e9alise nos livraisons dans l\u2019est du Canada.<\/p>\n<p><strong>Vous avez, au fil des ans, d\u00e9velopp\u00e9 beaucoup d\u2019activit\u00e9s \u00e0 l\u2019ext\u00e9rieur du Qu\u00e9bec, en r\u00e9alisant notamment l\u2019acquisition de plantations en Am\u00e9rique du Sud. Quelles sont ces activit\u00e9s exactement\u00a0?<\/strong><\/p>\n<p>A :\u00a0C\u2019est mon p\u00e8re qui a commenc\u00e9 cette diversification. Il y a 40\u00a0ans, il a achet\u00e9 une vaste plantation d\u2019agrumes au Br\u00e9sil, en pensant approvisionner le Qu\u00e9bec. Mais avec le d\u00e9veloppement \u00e9conomique qu\u2019a connu le Br\u00e9sil, toute la production est rest\u00e9e pour combler les besoins du pays.<\/p>\n<p>L\u00e0, on vient d\u2019acheter une vaste terre dans le nord du Br\u00e9sil pour faire la culture de la mangue et pour assurer notre approvisionnement. On a aussi achet\u00e9 une bleueti\u00e8re dans le sud du Chili et une plantation de cl\u00e9mentines au Maroc. On cherche \u00e0 s\u00e9curiser nos approvisionnements.<\/p>\n<p>M :\u00a0On est toujours \u00e0 l\u2019aff\u00fbt d\u2019opportunit\u00e9s. Notre acheteur senior se trouve pr\u00e9sentement en Argentine et on a un autre de nos sp\u00e9cialistes en Afrique du\u00a0Sud.<\/p>\n<p>On a r\u00e9alis\u00e9 r\u00e9cemment l\u2019acquisition de plusieurs fermes au Mexique et on y construit un entrep\u00f4t. C\u2019est l\u00e0 qu\u2019on va r\u00e9aliser la culture de tous nos fruits et l\u00e9gumes biologiques pour desservir le march\u00e9 de la Californie par l\u2019entremise de notre division am\u00e9ricaine Green Earth.<\/p>\n<p><strong>Vous n\u2019avez jamais \u00e9t\u00e9 actifs dans le secteur du d\u00e9tail. Pourquoi ne pas avoir d\u00e9velopp\u00e9 ce secteur qui aurait repr\u00e9sent\u00e9 un d\u00e9bouch\u00e9 naturel\u00a0?<\/strong><\/p>\n<p>M :\u00a0On ne l\u2019a pas fait directement, mais on l\u2019a fait r\u00e9cemment de fa\u00e7on indirecte parce qu\u2019on \u00e9tait les cr\u00e9anciers principaux de deux faillites, celle du Groupe \u00c9picia (Le Jardin Mobile et Le March\u00e9 V\u00e9g\u00e9tarien), qui avait une vingtaine de fruiteries, et celle du groupe Valmont. On a refinanc\u00e9 ces magasins et on continue de les approvisionner.<\/p>\n<p>Vous \u00eates dans un secteur d\u2019activit\u00e9 o\u00f9 les pertes sont un probl\u00e8me quotidien. Comment arrivez-vous \u00e0 g\u00e9rer cet enjeu continuel\u00a0?<\/p>\n<p>A :\u00a0Les pertes dans la distribution de fruits et l\u00e9gumes oscillent entre 3\u00a0% et 5\u00a0% en moyenne par ann\u00e9e, c\u2019est la r\u00e9alit\u00e9 avec laquelle on doit composer.<\/p>\n<p>Chez nous, on a d\u00e9cid\u00e9 d\u2019y rem\u00e9dier en lan\u00e7ant la marque de jus Loop que l\u2019on produit \u00e0 partir de fruits et de l\u00e9gumes qui sont consommables, mais qui ne sont pas pr\u00e9sentables. Il s\u2019agit de jus sant\u00e9, sans sucre ni additif.<\/p>\n<p>On a une entente avec la cha\u00eene de magasins Sobeys, qui distribue nos boissons Loop, mais en retour on accepte de reprendre leurs produits qu\u2019ils ne peuvent plus vendre en magasin.<\/p>\n<p><strong>Qu\u2019est-ce qui, selon vous, explique le mieux les succ\u00e8s de votre entreprise aujourd\u2019hui\u00a0?<\/strong><\/p>\n<p>A :\u00a0C\u2019est l\u2019\u00e9quipe avec laquelle on travaille. C\u2019est gr\u00e2ce \u00e0 eux que l\u2019on obtient du succ\u00e8s. Ce sont eux qui nous poussent \u00e0 aller plus loin, \u00e0 d\u00e9velopper de nouveaux champs d\u2019activit\u00e9, \u00e0 r\u00e9aliser de nouvelles initiatives. Le groupe Courchesne Larose est en fait une grande famille \u00e9largie o\u00f9 tout le monde apporte sa contribution.<\/p>\n<p>&nbsp;<\/p>\n<p><a href=\"https:\/\/www.lapresse.ca\/affaires\/economie\/grande-entrevue\/201810\/09\/01-5199492-courchesne-larose-un-geant-de-la-distribution.php\"><strong>La Presse, publi\u00e9 le 09 octobre 2018 \u00e0 07h28<\/strong><\/a><\/p>\n","protected":false},"excerpt":{"rendered":"<p>Alain (A)\u00a0:\u00a0L\u2019entreprise est n\u00e9e dans le quartier Hochelaga-Maisonneuve et a d\u00e9but\u00e9 comme simple grossiste de fruits et l\u00e9gumes et de foin. Mon grand-p\u00e8re est devenu actionnaire de Courchesne Larose d\u00e8s ses d\u00e9buts et a rachet\u00e9 les parts des deux fondateurs par la suite. On servait les petits marchands locaux. Puis \u00e7\u2019a \u00e9t\u00e9 les cha\u00eenes de [&#8230;]<\/p>\n<p><a class=\"btn btn-secondary understrap-read-more-link\" href=\"https:\/\/courchesnelarose.com\/en\/courchesne-larose-un-geant-de-la-distribution\/\">Read More&#8230;<\/a><\/p>\n","protected":false},"author":9,"featured_media":6654,"comment_status":"closed","ping_status":"closed","sticky":false,"template":"","format":"standard","meta":{"_acf_changed":false,"footnotes":""},"categories":[2],"tags":[],"class_list":["post-7035","post","type-post","status-publish","format-standard","has-post-thumbnail","hentry","category-uncategorized"],"acf":[],"yoast_head":"<!-- This site is optimized with the Yoast SEO plugin v27.4 - https:\/\/yoast.com\/product\/yoast-seo-wordpress\/ -->\n<title>Courchesne Larose: un g\u00e9ant de la distribution - Courchesne Larose<\/title>\n<meta name=\"robots\" content=\"index, follow, max-snippet:-1, max-image-preview:large, max-video-preview:-1\" \/>\n<link rel=\"canonical\" href=\"https:\/\/courchesnelarose.com\/en\/courchesne-larose-un-geant-de-la-distribution\/\" \/>\n<meta property=\"og:locale\" content=\"en_US\" \/>\n<meta property=\"og:type\" content=\"article\" \/>\n<meta property=\"og:title\" content=\"Courchesne Larose: un g\u00e9ant de la distribution - Courchesne Larose\" \/>\n<meta property=\"og:description\" content=\"Alain (A)\u00a0:\u00a0L\u2019entreprise est n\u00e9e dans le quartier Hochelaga-Maisonneuve et a d\u00e9but\u00e9 comme simple grossiste de fruits et l\u00e9gumes et de foin. Mon grand-p\u00e8re est devenu actionnaire de Courchesne Larose d\u00e8s ses d\u00e9buts et a rachet\u00e9 les parts des deux fondateurs par la suite. On servait les petits marchands locaux. Puis \u00e7\u2019a \u00e9t\u00e9 les cha\u00eenes de [...]Read More...\" \/>\n<meta property=\"og:url\" content=\"https:\/\/courchesnelarose.com\/en\/courchesne-larose-un-geant-de-la-distribution\/\" \/>\n<meta property=\"og:site_name\" content=\"Courchesne Larose\" \/>\n<meta property=\"article:published_time\" content=\"2019-03-18T15:51:12+00:00\" \/>\n<meta property=\"article:modified_time\" content=\"2019-03-20T20:11:04+00:00\" \/>\n<meta property=\"og:image\" content=\"https:\/\/cla.em2.dev\/wp-content\/uploads\/2018\/07\/Freres-alain-michel-routhier-proprietaires.jpg\" \/>\n\t<meta property=\"og:image:width\" content=\"923\" \/>\n\t<meta property=\"og:image:height\" content=\"615\" \/>\n\t<meta property=\"og:image:type\" content=\"image\/jpeg\" \/>\n<meta name=\"author\" content=\"Michelle Pepin\" \/>\n<meta name=\"twitter:card\" content=\"summary_large_image\" \/>\n<meta name=\"twitter:label1\" content=\"Written by\" \/>\n\t<meta name=\"twitter:data1\" content=\"Michelle Pepin\" \/>\n\t<meta name=\"twitter:label2\" content=\"Est. reading time\" \/>\n\t<meta name=\"twitter:data2\" content=\"7 minutes\" \/>\n<script type=\"application\/ld+json\" class=\"yoast-schema-graph\">{\"@context\":\"https:\\\/\\\/schema.org\",\"@graph\":[{\"@type\":\"Article\",\"@id\":\"https:\\\/\\\/courchesnelarose.com\\\/en\\\/courchesne-larose-un-geant-de-la-distribution\\\/#article\",\"isPartOf\":{\"@id\":\"https:\\\/\\\/courchesnelarose.com\\\/en\\\/courchesne-larose-un-geant-de-la-distribution\\\/\"},\"author\":{\"name\":\"Michelle Pepin\",\"@id\":\"https:\\\/\\\/courchesnelarose.com\\\/en\\\/#\\\/schema\\\/person\\\/bf42c91aa7a4863646ccbad23f69f0be\"},\"headline\":\"Courchesne Larose: un g\u00e9ant de la distribution\",\"datePublished\":\"2019-03-18T15:51:12+00:00\",\"dateModified\":\"2019-03-20T20:11:04+00:00\",\"mainEntityOfPage\":{\"@id\":\"https:\\\/\\\/courchesnelarose.com\\\/en\\\/courchesne-larose-un-geant-de-la-distribution\\\/\"},\"wordCount\":1317,\"image\":{\"@id\":\"https:\\\/\\\/courchesnelarose.com\\\/en\\\/courchesne-larose-un-geant-de-la-distribution\\\/#primaryimage\"},\"thumbnailUrl\":\"https:\\\/\\\/courchesnelarose.com\\\/wp-content\\\/uploads\\\/2018\\\/07\\\/Freres-alain-michel-routhier-proprietaires.jpg\",\"inLanguage\":\"en-US\"},{\"@type\":\"WebPage\",\"@id\":\"https:\\\/\\\/courchesnelarose.com\\\/en\\\/courchesne-larose-un-geant-de-la-distribution\\\/\",\"url\":\"https:\\\/\\\/courchesnelarose.com\\\/en\\\/courchesne-larose-un-geant-de-la-distribution\\\/\",\"name\":\"Courchesne Larose: un g\u00e9ant de la distribution - Courchesne Larose\",\"isPartOf\":{\"@id\":\"https:\\\/\\\/courchesnelarose.com\\\/en\\\/#website\"},\"primaryImageOfPage\":{\"@id\":\"https:\\\/\\\/courchesnelarose.com\\\/en\\\/courchesne-larose-un-geant-de-la-distribution\\\/#primaryimage\"},\"image\":{\"@id\":\"https:\\\/\\\/courchesnelarose.com\\\/en\\\/courchesne-larose-un-geant-de-la-distribution\\\/#primaryimage\"},\"thumbnailUrl\":\"https:\\\/\\\/courchesnelarose.com\\\/wp-content\\\/uploads\\\/2018\\\/07\\\/Freres-alain-michel-routhier-proprietaires.jpg\",\"datePublished\":\"2019-03-18T15:51:12+00:00\",\"dateModified\":\"2019-03-20T20:11:04+00:00\",\"author\":{\"@id\":\"https:\\\/\\\/courchesnelarose.com\\\/en\\\/#\\\/schema\\\/person\\\/bf42c91aa7a4863646ccbad23f69f0be\"},\"breadcrumb\":{\"@id\":\"https:\\\/\\\/courchesnelarose.com\\\/en\\\/courchesne-larose-un-geant-de-la-distribution\\\/#breadcrumb\"},\"inLanguage\":\"en-US\",\"potentialAction\":[{\"@type\":\"ReadAction\",\"target\":[\"https:\\\/\\\/courchesnelarose.com\\\/en\\\/courchesne-larose-un-geant-de-la-distribution\\\/\"]}]},{\"@type\":\"ImageObject\",\"inLanguage\":\"en-US\",\"@id\":\"https:\\\/\\\/courchesnelarose.com\\\/en\\\/courchesne-larose-un-geant-de-la-distribution\\\/#primaryimage\",\"url\":\"https:\\\/\\\/courchesnelarose.com\\\/wp-content\\\/uploads\\\/2018\\\/07\\\/Freres-alain-michel-routhier-proprietaires.jpg\",\"contentUrl\":\"https:\\\/\\\/courchesnelarose.com\\\/wp-content\\\/uploads\\\/2018\\\/07\\\/Freres-alain-michel-routhier-proprietaires.jpg\",\"width\":923,\"height\":615},{\"@type\":\"BreadcrumbList\",\"@id\":\"https:\\\/\\\/courchesnelarose.com\\\/en\\\/courchesne-larose-un-geant-de-la-distribution\\\/#breadcrumb\",\"itemListElement\":[{\"@type\":\"ListItem\",\"position\":1,\"name\":\"Home\",\"item\":\"https:\\\/\\\/courchesnelarose.com\\\/en\\\/\"},{\"@type\":\"ListItem\",\"position\":2,\"name\":\"Courchesne Larose: un g\u00e9ant de la distribution\"}]},{\"@type\":\"WebSite\",\"@id\":\"https:\\\/\\\/courchesnelarose.com\\\/en\\\/#website\",\"url\":\"https:\\\/\\\/courchesnelarose.com\\\/en\\\/\",\"name\":\"Courchesne Larose\",\"description\":\"\",\"potentialAction\":[{\"@type\":\"SearchAction\",\"target\":{\"@type\":\"EntryPoint\",\"urlTemplate\":\"https:\\\/\\\/courchesnelarose.com\\\/en\\\/?s={search_term_string}\"},\"query-input\":{\"@type\":\"PropertyValueSpecification\",\"valueRequired\":true,\"valueName\":\"search_term_string\"}}],\"inLanguage\":\"en-US\"},{\"@type\":\"Person\",\"@id\":\"https:\\\/\\\/courchesnelarose.com\\\/en\\\/#\\\/schema\\\/person\\\/bf42c91aa7a4863646ccbad23f69f0be\",\"name\":\"Michelle Pepin\",\"image\":{\"@type\":\"ImageObject\",\"inLanguage\":\"en-US\",\"@id\":\"https:\\\/\\\/secure.gravatar.com\\\/avatar\\\/56ada9a38f258d1139b774c2e5f74e0e54f12ca7a776a0d09d78347afdc2d9da?s=96&d=mm&r=g\",\"url\":\"https:\\\/\\\/secure.gravatar.com\\\/avatar\\\/56ada9a38f258d1139b774c2e5f74e0e54f12ca7a776a0d09d78347afdc2d9da?s=96&d=mm&r=g\",\"contentUrl\":\"https:\\\/\\\/secure.gravatar.com\\\/avatar\\\/56ada9a38f258d1139b774c2e5f74e0e54f12ca7a776a0d09d78347afdc2d9da?s=96&d=mm&r=g\",\"caption\":\"Michelle Pepin\"},\"url\":\"https:\\\/\\\/courchesnelarose.com\\\/en\\\/author\\\/michelle-pepin\\\/\"}]}<\/script>\n<!-- \/ Yoast SEO plugin. -->","yoast_head_json":{"title":"Courchesne Larose: un g\u00e9ant de la distribution - Courchesne Larose","robots":{"index":"index","follow":"follow","max-snippet":"max-snippet:-1","max-image-preview":"max-image-preview:large","max-video-preview":"max-video-preview:-1"},"canonical":"https:\/\/courchesnelarose.com\/en\/courchesne-larose-un-geant-de-la-distribution\/","og_locale":"en_US","og_type":"article","og_title":"Courchesne Larose: un g\u00e9ant de la distribution - Courchesne Larose","og_description":"Alain (A)\u00a0:\u00a0L\u2019entreprise est n\u00e9e dans le quartier Hochelaga-Maisonneuve et a d\u00e9but\u00e9 comme simple grossiste de fruits et l\u00e9gumes et de foin. Mon grand-p\u00e8re est devenu actionnaire de Courchesne Larose d\u00e8s ses d\u00e9buts et a rachet\u00e9 les parts des deux fondateurs par la suite. On servait les petits marchands locaux. Puis \u00e7\u2019a \u00e9t\u00e9 les cha\u00eenes de [...]Read More...","og_url":"https:\/\/courchesnelarose.com\/en\/courchesne-larose-un-geant-de-la-distribution\/","og_site_name":"Courchesne Larose","article_published_time":"2019-03-18T15:51:12+00:00","article_modified_time":"2019-03-20T20:11:04+00:00","og_image":[{"width":923,"height":615,"url":"https:\/\/cla.em2.dev\/wp-content\/uploads\/2018\/07\/Freres-alain-michel-routhier-proprietaires.jpg","type":"image\/jpeg"}],"author":"Michelle Pepin","twitter_card":"summary_large_image","twitter_misc":{"Written by":"Michelle Pepin","Est. reading time":"7 minutes"},"schema":{"@context":"https:\/\/schema.org","@graph":[{"@type":"Article","@id":"https:\/\/courchesnelarose.com\/en\/courchesne-larose-un-geant-de-la-distribution\/#article","isPartOf":{"@id":"https:\/\/courchesnelarose.com\/en\/courchesne-larose-un-geant-de-la-distribution\/"},"author":{"name":"Michelle Pepin","@id":"https:\/\/courchesnelarose.com\/en\/#\/schema\/person\/bf42c91aa7a4863646ccbad23f69f0be"},"headline":"Courchesne Larose: un g\u00e9ant de la distribution","datePublished":"2019-03-18T15:51:12+00:00","dateModified":"2019-03-20T20:11:04+00:00","mainEntityOfPage":{"@id":"https:\/\/courchesnelarose.com\/en\/courchesne-larose-un-geant-de-la-distribution\/"},"wordCount":1317,"image":{"@id":"https:\/\/courchesnelarose.com\/en\/courchesne-larose-un-geant-de-la-distribution\/#primaryimage"},"thumbnailUrl":"https:\/\/courchesnelarose.com\/wp-content\/uploads\/2018\/07\/Freres-alain-michel-routhier-proprietaires.jpg","inLanguage":"en-US"},{"@type":"WebPage","@id":"https:\/\/courchesnelarose.com\/en\/courchesne-larose-un-geant-de-la-distribution\/","url":"https:\/\/courchesnelarose.com\/en\/courchesne-larose-un-geant-de-la-distribution\/","name":"Courchesne Larose: un g\u00e9ant de la distribution - Courchesne Larose","isPartOf":{"@id":"https:\/\/courchesnelarose.com\/en\/#website"},"primaryImageOfPage":{"@id":"https:\/\/courchesnelarose.com\/en\/courchesne-larose-un-geant-de-la-distribution\/#primaryimage"},"image":{"@id":"https:\/\/courchesnelarose.com\/en\/courchesne-larose-un-geant-de-la-distribution\/#primaryimage"},"thumbnailUrl":"https:\/\/courchesnelarose.com\/wp-content\/uploads\/2018\/07\/Freres-alain-michel-routhier-proprietaires.jpg","datePublished":"2019-03-18T15:51:12+00:00","dateModified":"2019-03-20T20:11:04+00:00","author":{"@id":"https:\/\/courchesnelarose.com\/en\/#\/schema\/person\/bf42c91aa7a4863646ccbad23f69f0be"},"breadcrumb":{"@id":"https:\/\/courchesnelarose.com\/en\/courchesne-larose-un-geant-de-la-distribution\/#breadcrumb"},"inLanguage":"en-US","potentialAction":[{"@type":"ReadAction","target":["https:\/\/courchesnelarose.com\/en\/courchesne-larose-un-geant-de-la-distribution\/"]}]},{"@type":"ImageObject","inLanguage":"en-US","@id":"https:\/\/courchesnelarose.com\/en\/courchesne-larose-un-geant-de-la-distribution\/#primaryimage","url":"https:\/\/courchesnelarose.com\/wp-content\/uploads\/2018\/07\/Freres-alain-michel-routhier-proprietaires.jpg","contentUrl":"https:\/\/courchesnelarose.com\/wp-content\/uploads\/2018\/07\/Freres-alain-michel-routhier-proprietaires.jpg","width":923,"height":615},{"@type":"BreadcrumbList","@id":"https:\/\/courchesnelarose.com\/en\/courchesne-larose-un-geant-de-la-distribution\/#breadcrumb","itemListElement":[{"@type":"ListItem","position":1,"name":"Home","item":"https:\/\/courchesnelarose.com\/en\/"},{"@type":"ListItem","position":2,"name":"Courchesne Larose: un g\u00e9ant de la distribution"}]},{"@type":"WebSite","@id":"https:\/\/courchesnelarose.com\/en\/#website","url":"https:\/\/courchesnelarose.com\/en\/","name":"Courchesne Larose","description":"","potentialAction":[{"@type":"SearchAction","target":{"@type":"EntryPoint","urlTemplate":"https:\/\/courchesnelarose.com\/en\/?s={search_term_string}"},"query-input":{"@type":"PropertyValueSpecification","valueRequired":true,"valueName":"search_term_string"}}],"inLanguage":"en-US"},{"@type":"Person","@id":"https:\/\/courchesnelarose.com\/en\/#\/schema\/person\/bf42c91aa7a4863646ccbad23f69f0be","name":"Michelle Pepin","image":{"@type":"ImageObject","inLanguage":"en-US","@id":"https:\/\/secure.gravatar.com\/avatar\/56ada9a38f258d1139b774c2e5f74e0e54f12ca7a776a0d09d78347afdc2d9da?s=96&d=mm&r=g","url":"https:\/\/secure.gravatar.com\/avatar\/56ada9a38f258d1139b774c2e5f74e0e54f12ca7a776a0d09d78347afdc2d9da?s=96&d=mm&r=g","contentUrl":"https:\/\/secure.gravatar.com\/avatar\/56ada9a38f258d1139b774c2e5f74e0e54f12ca7a776a0d09d78347afdc2d9da?s=96&d=mm&r=g","caption":"Michelle Pepin"},"url":"https:\/\/courchesnelarose.com\/en\/author\/michelle-pepin\/"}]}},"_links":{"self":[{"href":"https:\/\/courchesnelarose.com\/en\/wp-json\/wp\/v2\/posts\/7035","targetHints":{"allow":["GET"]}}],"collection":[{"href":"https:\/\/courchesnelarose.com\/en\/wp-json\/wp\/v2\/posts"}],"about":[{"href":"https:\/\/courchesnelarose.com\/en\/wp-json\/wp\/v2\/types\/post"}],"author":[{"embeddable":true,"href":"https:\/\/courchesnelarose.com\/en\/wp-json\/wp\/v2\/users\/9"}],"replies":[{"embeddable":true,"href":"https:\/\/courchesnelarose.com\/en\/wp-json\/wp\/v2\/comments?post=7035"}],"version-history":[{"count":0,"href":"https:\/\/courchesnelarose.com\/en\/wp-json\/wp\/v2\/posts\/7035\/revisions"}],"wp:featuredmedia":[{"embeddable":true,"href":"https:\/\/courchesnelarose.com\/en\/wp-json\/wp\/v2\/media\/6654"}],"wp:attachment":[{"href":"https:\/\/courchesnelarose.com\/en\/wp-json\/wp\/v2\/media?parent=7035"}],"wp:term":[{"taxonomy":"category","embeddable":true,"href":"https:\/\/courchesnelarose.com\/en\/wp-json\/wp\/v2\/categories?post=7035"},{"taxonomy":"post_tag","embeddable":true,"href":"https:\/\/courchesnelarose.com\/en\/wp-json\/wp\/v2\/tags?post=7035"}],"curies":[{"name":"wp","href":"https:\/\/api.w.org\/{rel}","templated":true}]}}