{"id":7053,"date":"2019-03-18T11:17:28","date_gmt":"2019-03-18T15:17:28","guid":{"rendered":"http:\/\/courchesnelarose.emdev.ca\/100-days-to-celebrate-100-years-for-courchesne-larose\/"},"modified":"2019-03-20T16:52:22","modified_gmt":"2019-03-20T20:52:22","slug":"100-days-to-celebrate-100-years-for-courchesne-larose","status":"publish","type":"post","link":"https:\/\/courchesnelarose.com\/es\/100-days-to-celebrate-100-years-for-courchesne-larose\/","title":{"rendered":"100 days to celebrate 100 years for Courchesne Larose"},"content":{"rendered":"<div class=\"field-content\">\n<div class=\"field field--name-body field--type-text-with-summary field--label-hidden field__item\">\n<p>The celebration culminates with a public event Oct. 5 at Montr\u00e9al\u2019s Olympic Stadium, according to a news release, where Courchesne Larose and its partners will attempt to beat the Guinness World Record for the largest fruit salad ever assembled.<\/p>\n<p>The event, called the \u201cGrande Coupe\u201d, will feature an enormous fruit salad weighing more than 20,000 pounds, aiming at besting the previous fruit salad record set in Vienna, Austria, in 2014. The event will be held as part of First Fridays, the largest gathering of food trucks in Canada, according to the release.<\/p>\n<p>The giant fruit salad will be distributed to community groups serving Montr\u00e9al\u2019s neediest citizens, via the Moisson Montr\u00e9al network and the Tabl\u00e9e des Chefs food recovery program.<\/p>\n<h2>Celebration of years<\/h2>\n<p>The release said the Courchesne Larose celebrations began Sept. 8 with an event for company employees.<\/p>\n<p>On Oct. 17, the late Louis-Charles Routhier, former owner of Courchesne Larose, will be recognized by community organization Je Passe Partout for his work to improve the community.<\/p>\n<p>On Nov. 5, Courchesne Larose will be the official fruit and vegetable supplier and a major partner of La Grande Tabl\u00e9e, a benefit where a gourmet meal is served to about 700 guests in both Montr\u00e9al and Qu\u00e9bec City. The profits from the event support development of La Tabl\u00e9e des Chefs\u2019 cooking education programs for young people, according to the release.<\/p>\n<p>On Dec. 6, the extended Courchesne Larose family will help gather food items to help thousands of needy families over the holidays.<\/p>\n<p>The 100 days of celebrations will wrap up on December 16 with the company\u2019s traditional holiday party, at which a new employee development initiative will be launched, according to the release.<\/p>\n<p>\u201cIt\u2019s truly impressive looking back at where this great story began, with a small business selling apples and hay in the east end of Montr\u00e9al, and seeing how we\u2019ve grown into one of the largest fruit and vegetable distributors in the country,\u201d Alain Routhier, president of Courchesne Larose, said in the release.<\/p>\n<p>A century after its founding, the Courchesne Larose Group employs more than 500 people. The company\u2019s third generation of leaders is now well established.<\/p>\n<p>\u201cTo guide our company in its second century, we\u2019ll be looking to the fourth generation of the Routhier family, who will be called on to assume greater responsibilities in the years to come,\u201d Routhier said in the release.<\/p>\n<p><a href=\"https:\/\/www.thepacker.com\/article\/100-days-celebrate-100-years-courchesne-larose\">The Packer, Tom Karst, published on September 17, 2018 01:56 PM<\/a><\/p>\n<\/div>\n<\/div>\n","protected":false},"excerpt":{"rendered":"<p>The celebration culminates with a public event Oct. 5 at Montr\u00e9al\u2019s Olympic Stadium, according to a news release, where Courchesne Larose and its partners will attempt to beat the Guinness World Record for the largest fruit salad ever assembled. The event, called the \u201cGrande Coupe\u201d, will feature an enormous fruit salad weighing more than 20,000 [&#8230;]<\/p>\n<p><a class=\"btn btn-secondary understrap-read-more-link\" href=\"https:\/\/courchesnelarose.com\/es\/100-days-to-celebrate-100-years-for-courchesne-larose\/\">Leer m\u00e1s&#8230;<\/a><\/p>\n","protected":false},"author":9,"featured_media":6686,"comment_status":"closed","ping_status":"closed","sticky":false,"template":"","format":"standard","meta":{"_acf_changed":false,"footnotes":""},"categories":[207],"tags":[],"class_list":["post-7053","post","type-post","status-publish","format-standard","has-post-thumbnail","hentry","category-sin-clasificar"],"acf":[],"yoast_head":"<!-- This site is optimized with the Yoast SEO plugin v27.4 - https:\/\/yoast.com\/product\/yoast-seo-wordpress\/ -->\n<title>100 days to celebrate 100 years for Courchesne Larose - Courchesne Larose<\/title>\n<meta name=\"robots\" content=\"index, follow, max-snippet:-1, max-image-preview:large, max-video-preview:-1\" \/>\n<link rel=\"canonical\" href=\"https:\/\/courchesnelarose.com\/es\/100-days-to-celebrate-100-years-for-courchesne-larose\/\" \/>\n<meta property=\"og:locale\" content=\"es_ES\" \/>\n<meta property=\"og:type\" content=\"article\" \/>\n<meta property=\"og:title\" content=\"100 days to celebrate 100 years for Courchesne Larose - Courchesne Larose\" \/>\n<meta property=\"og:description\" content=\"The celebration culminates with a public event Oct. 5 at Montr\u00e9al\u2019s Olympic Stadium, according to a news release, where Courchesne Larose and its partners will attempt to beat the Guinness World Record for the largest fruit salad ever assembled. The event, called the \u201cGrande Coupe\u201d, will feature an enormous fruit salad weighing more than 20,000 [...]Leer m\u00e1s...\" \/>\n<meta property=\"og:url\" content=\"https:\/\/courchesnelarose.com\/es\/100-days-to-celebrate-100-years-for-courchesne-larose\/\" \/>\n<meta property=\"og:site_name\" content=\"Courchesne Larose\" \/>\n<meta property=\"article:published_time\" content=\"2019-03-18T15:17:28+00:00\" \/>\n<meta property=\"article:modified_time\" content=\"2019-03-20T20:52:22+00:00\" \/>\n<meta property=\"og:image\" content=\"https:\/\/cla.em2.dev\/wp-content\/uploads\/2019\/03\/The_Packer_cL.jpg\" \/>\n\t<meta property=\"og:image:width\" content=\"673\" \/>\n\t<meta property=\"og:image:height\" content=\"448\" \/>\n\t<meta property=\"og:image:type\" content=\"image\/jpeg\" \/>\n<meta name=\"author\" content=\"Michelle Pepin\" \/>\n<meta name=\"twitter:card\" content=\"summary_large_image\" \/>\n<meta name=\"twitter:label1\" content=\"Escrito por\" \/>\n\t<meta name=\"twitter:data1\" content=\"Michelle Pepin\" \/>\n\t<meta name=\"twitter:label2\" content=\"Tiempo de lectura\" \/>\n\t<meta name=\"twitter:data2\" content=\"2 minutos\" \/>\n<script type=\"application\/ld+json\" class=\"yoast-schema-graph\">{\"@context\":\"https:\\\/\\\/schema.org\",\"@graph\":[{\"@type\":\"Article\",\"@id\":\"https:\\\/\\\/courchesnelarose.com\\\/es\\\/100-days-to-celebrate-100-years-for-courchesne-larose\\\/#article\",\"isPartOf\":{\"@id\":\"https:\\\/\\\/courchesnelarose.com\\\/es\\\/100-days-to-celebrate-100-years-for-courchesne-larose\\\/\"},\"author\":{\"name\":\"Michelle Pepin\",\"@id\":\"https:\\\/\\\/courchesnelarose.com\\\/es\\\/#\\\/schema\\\/person\\\/bf42c91aa7a4863646ccbad23f69f0be\"},\"headline\":\"100 days to celebrate 100 years for Courchesne Larose\",\"datePublished\":\"2019-03-18T15:17:28+00:00\",\"dateModified\":\"2019-03-20T20:52:22+00:00\",\"mainEntityOfPage\":{\"@id\":\"https:\\\/\\\/courchesnelarose.com\\\/es\\\/100-days-to-celebrate-100-years-for-courchesne-larose\\\/\"},\"wordCount\":414,\"image\":{\"@id\":\"https:\\\/\\\/courchesnelarose.com\\\/es\\\/100-days-to-celebrate-100-years-for-courchesne-larose\\\/#primaryimage\"},\"thumbnailUrl\":\"https:\\\/\\\/courchesnelarose.com\\\/wp-content\\\/uploads\\\/2019\\\/03\\\/The_Packer_cL.jpg\",\"articleSection\":[\"Sin clasificar\"],\"inLanguage\":\"es\"},{\"@type\":\"WebPage\",\"@id\":\"https:\\\/\\\/courchesnelarose.com\\\/es\\\/100-days-to-celebrate-100-years-for-courchesne-larose\\\/\",\"url\":\"https:\\\/\\\/courchesnelarose.com\\\/es\\\/100-days-to-celebrate-100-years-for-courchesne-larose\\\/\",\"name\":\"100 days to celebrate 100 years for Courchesne Larose - Courchesne Larose\",\"isPartOf\":{\"@id\":\"https:\\\/\\\/courchesnelarose.com\\\/es\\\/#website\"},\"primaryImageOfPage\":{\"@id\":\"https:\\\/\\\/courchesnelarose.com\\\/es\\\/100-days-to-celebrate-100-years-for-courchesne-larose\\\/#primaryimage\"},\"image\":{\"@id\":\"https:\\\/\\\/courchesnelarose.com\\\/es\\\/100-days-to-celebrate-100-years-for-courchesne-larose\\\/#primaryimage\"},\"thumbnailUrl\":\"https:\\\/\\\/courchesnelarose.com\\\/wp-content\\\/uploads\\\/2019\\\/03\\\/The_Packer_cL.jpg\",\"datePublished\":\"2019-03-18T15:17:28+00:00\",\"dateModified\":\"2019-03-20T20:52:22+00:00\",\"author\":{\"@id\":\"https:\\\/\\\/courchesnelarose.com\\\/es\\\/#\\\/schema\\\/person\\\/bf42c91aa7a4863646ccbad23f69f0be\"},\"breadcrumb\":{\"@id\":\"https:\\\/\\\/courchesnelarose.com\\\/es\\\/100-days-to-celebrate-100-years-for-courchesne-larose\\\/#breadcrumb\"},\"inLanguage\":\"es\",\"potentialAction\":[{\"@type\":\"ReadAction\",\"target\":[\"https:\\\/\\\/courchesnelarose.com\\\/es\\\/100-days-to-celebrate-100-years-for-courchesne-larose\\\/\"]}]},{\"@type\":\"ImageObject\",\"inLanguage\":\"es\",\"@id\":\"https:\\\/\\\/courchesnelarose.com\\\/es\\\/100-days-to-celebrate-100-years-for-courchesne-larose\\\/#primaryimage\",\"url\":\"https:\\\/\\\/courchesnelarose.com\\\/wp-content\\\/uploads\\\/2019\\\/03\\\/The_Packer_cL.jpg\",\"contentUrl\":\"https:\\\/\\\/courchesnelarose.com\\\/wp-content\\\/uploads\\\/2019\\\/03\\\/The_Packer_cL.jpg\",\"width\":673,\"height\":448},{\"@type\":\"BreadcrumbList\",\"@id\":\"https:\\\/\\\/courchesnelarose.com\\\/es\\\/100-days-to-celebrate-100-years-for-courchesne-larose\\\/#breadcrumb\",\"itemListElement\":[{\"@type\":\"ListItem\",\"position\":1,\"name\":\"Home\",\"item\":\"https:\\\/\\\/courchesnelarose.com\\\/es\\\/\"},{\"@type\":\"ListItem\",\"position\":2,\"name\":\"100 days to celebrate 100 years for Courchesne Larose\"}]},{\"@type\":\"WebSite\",\"@id\":\"https:\\\/\\\/courchesnelarose.com\\\/es\\\/#website\",\"url\":\"https:\\\/\\\/courchesnelarose.com\\\/es\\\/\",\"name\":\"Courchesne Larose\",\"description\":\"\",\"potentialAction\":[{\"@type\":\"SearchAction\",\"target\":{\"@type\":\"EntryPoint\",\"urlTemplate\":\"https:\\\/\\\/courchesnelarose.com\\\/es\\\/?s={search_term_string}\"},\"query-input\":{\"@type\":\"PropertyValueSpecification\",\"valueRequired\":true,\"valueName\":\"search_term_string\"}}],\"inLanguage\":\"es\"},{\"@type\":\"Person\",\"@id\":\"https:\\\/\\\/courchesnelarose.com\\\/es\\\/#\\\/schema\\\/person\\\/bf42c91aa7a4863646ccbad23f69f0be\",\"name\":\"Michelle Pepin\",\"image\":{\"@type\":\"ImageObject\",\"inLanguage\":\"es\",\"@id\":\"https:\\\/\\\/secure.gravatar.com\\\/avatar\\\/56ada9a38f258d1139b774c2e5f74e0e54f12ca7a776a0d09d78347afdc2d9da?s=96&d=mm&r=g\",\"url\":\"https:\\\/\\\/secure.gravatar.com\\\/avatar\\\/56ada9a38f258d1139b774c2e5f74e0e54f12ca7a776a0d09d78347afdc2d9da?s=96&d=mm&r=g\",\"contentUrl\":\"https:\\\/\\\/secure.gravatar.com\\\/avatar\\\/56ada9a38f258d1139b774c2e5f74e0e54f12ca7a776a0d09d78347afdc2d9da?s=96&d=mm&r=g\",\"caption\":\"Michelle Pepin\"},\"url\":\"https:\\\/\\\/courchesnelarose.com\\\/es\\\/author\\\/michelle-pepin\\\/\"}]}<\/script>\n<!-- \/ Yoast SEO plugin. -->","yoast_head_json":{"title":"100 days to celebrate 100 years for Courchesne Larose - Courchesne Larose","robots":{"index":"index","follow":"follow","max-snippet":"max-snippet:-1","max-image-preview":"max-image-preview:large","max-video-preview":"max-video-preview:-1"},"canonical":"https:\/\/courchesnelarose.com\/es\/100-days-to-celebrate-100-years-for-courchesne-larose\/","og_locale":"es_ES","og_type":"article","og_title":"100 days to celebrate 100 years for Courchesne Larose - Courchesne Larose","og_description":"The celebration culminates with a public event Oct. 5 at Montr\u00e9al\u2019s Olympic Stadium, according to a news release, where Courchesne Larose and its partners will attempt to beat the Guinness World Record for the largest fruit salad ever assembled. The event, called the \u201cGrande Coupe\u201d, will feature an enormous fruit salad weighing more than 20,000 [...]Leer m\u00e1s...","og_url":"https:\/\/courchesnelarose.com\/es\/100-days-to-celebrate-100-years-for-courchesne-larose\/","og_site_name":"Courchesne Larose","article_published_time":"2019-03-18T15:17:28+00:00","article_modified_time":"2019-03-20T20:52:22+00:00","og_image":[{"width":673,"height":448,"url":"https:\/\/cla.em2.dev\/wp-content\/uploads\/2019\/03\/The_Packer_cL.jpg","type":"image\/jpeg"}],"author":"Michelle Pepin","twitter_card":"summary_large_image","twitter_misc":{"Escrito por":"Michelle Pepin","Tiempo de lectura":"2 minutos"},"schema":{"@context":"https:\/\/schema.org","@graph":[{"@type":"Article","@id":"https:\/\/courchesnelarose.com\/es\/100-days-to-celebrate-100-years-for-courchesne-larose\/#article","isPartOf":{"@id":"https:\/\/courchesnelarose.com\/es\/100-days-to-celebrate-100-years-for-courchesne-larose\/"},"author":{"name":"Michelle Pepin","@id":"https:\/\/courchesnelarose.com\/es\/#\/schema\/person\/bf42c91aa7a4863646ccbad23f69f0be"},"headline":"100 days to celebrate 100 years for Courchesne Larose","datePublished":"2019-03-18T15:17:28+00:00","dateModified":"2019-03-20T20:52:22+00:00","mainEntityOfPage":{"@id":"https:\/\/courchesnelarose.com\/es\/100-days-to-celebrate-100-years-for-courchesne-larose\/"},"wordCount":414,"image":{"@id":"https:\/\/courchesnelarose.com\/es\/100-days-to-celebrate-100-years-for-courchesne-larose\/#primaryimage"},"thumbnailUrl":"https:\/\/courchesnelarose.com\/wp-content\/uploads\/2019\/03\/The_Packer_cL.jpg","articleSection":["Sin clasificar"],"inLanguage":"es"},{"@type":"WebPage","@id":"https:\/\/courchesnelarose.com\/es\/100-days-to-celebrate-100-years-for-courchesne-larose\/","url":"https:\/\/courchesnelarose.com\/es\/100-days-to-celebrate-100-years-for-courchesne-larose\/","name":"100 days to celebrate 100 years for Courchesne Larose - Courchesne Larose","isPartOf":{"@id":"https:\/\/courchesnelarose.com\/es\/#website"},"primaryImageOfPage":{"@id":"https:\/\/courchesnelarose.com\/es\/100-days-to-celebrate-100-years-for-courchesne-larose\/#primaryimage"},"image":{"@id":"https:\/\/courchesnelarose.com\/es\/100-days-to-celebrate-100-years-for-courchesne-larose\/#primaryimage"},"thumbnailUrl":"https:\/\/courchesnelarose.com\/wp-content\/uploads\/2019\/03\/The_Packer_cL.jpg","datePublished":"2019-03-18T15:17:28+00:00","dateModified":"2019-03-20T20:52:22+00:00","author":{"@id":"https:\/\/courchesnelarose.com\/es\/#\/schema\/person\/bf42c91aa7a4863646ccbad23f69f0be"},"breadcrumb":{"@id":"https:\/\/courchesnelarose.com\/es\/100-days-to-celebrate-100-years-for-courchesne-larose\/#breadcrumb"},"inLanguage":"es","potentialAction":[{"@type":"ReadAction","target":["https:\/\/courchesnelarose.com\/es\/100-days-to-celebrate-100-years-for-courchesne-larose\/"]}]},{"@type":"ImageObject","inLanguage":"es","@id":"https:\/\/courchesnelarose.com\/es\/100-days-to-celebrate-100-years-for-courchesne-larose\/#primaryimage","url":"https:\/\/courchesnelarose.com\/wp-content\/uploads\/2019\/03\/The_Packer_cL.jpg","contentUrl":"https:\/\/courchesnelarose.com\/wp-content\/uploads\/2019\/03\/The_Packer_cL.jpg","width":673,"height":448},{"@type":"BreadcrumbList","@id":"https:\/\/courchesnelarose.com\/es\/100-days-to-celebrate-100-years-for-courchesne-larose\/#breadcrumb","itemListElement":[{"@type":"ListItem","position":1,"name":"Home","item":"https:\/\/courchesnelarose.com\/es\/"},{"@type":"ListItem","position":2,"name":"100 days to celebrate 100 years for Courchesne Larose"}]},{"@type":"WebSite","@id":"https:\/\/courchesnelarose.com\/es\/#website","url":"https:\/\/courchesnelarose.com\/es\/","name":"Courchesne Larose","description":"","potentialAction":[{"@type":"SearchAction","target":{"@type":"EntryPoint","urlTemplate":"https:\/\/courchesnelarose.com\/es\/?s={search_term_string}"},"query-input":{"@type":"PropertyValueSpecification","valueRequired":true,"valueName":"search_term_string"}}],"inLanguage":"es"},{"@type":"Person","@id":"https:\/\/courchesnelarose.com\/es\/#\/schema\/person\/bf42c91aa7a4863646ccbad23f69f0be","name":"Michelle Pepin","image":{"@type":"ImageObject","inLanguage":"es","@id":"https:\/\/secure.gravatar.com\/avatar\/56ada9a38f258d1139b774c2e5f74e0e54f12ca7a776a0d09d78347afdc2d9da?s=96&d=mm&r=g","url":"https:\/\/secure.gravatar.com\/avatar\/56ada9a38f258d1139b774c2e5f74e0e54f12ca7a776a0d09d78347afdc2d9da?s=96&d=mm&r=g","contentUrl":"https:\/\/secure.gravatar.com\/avatar\/56ada9a38f258d1139b774c2e5f74e0e54f12ca7a776a0d09d78347afdc2d9da?s=96&d=mm&r=g","caption":"Michelle Pepin"},"url":"https:\/\/courchesnelarose.com\/es\/author\/michelle-pepin\/"}]}},"_links":{"self":[{"href":"https:\/\/courchesnelarose.com\/es\/wp-json\/wp\/v2\/posts\/7053","targetHints":{"allow":["GET"]}}],"collection":[{"href":"https:\/\/courchesnelarose.com\/es\/wp-json\/wp\/v2\/posts"}],"about":[{"href":"https:\/\/courchesnelarose.com\/es\/wp-json\/wp\/v2\/types\/post"}],"author":[{"embeddable":true,"href":"https:\/\/courchesnelarose.com\/es\/wp-json\/wp\/v2\/users\/9"}],"replies":[{"embeddable":true,"href":"https:\/\/courchesnelarose.com\/es\/wp-json\/wp\/v2\/comments?post=7053"}],"version-history":[{"count":0,"href":"https:\/\/courchesnelarose.com\/es\/wp-json\/wp\/v2\/posts\/7053\/revisions"}],"wp:featuredmedia":[{"embeddable":true,"href":"https:\/\/courchesnelarose.com\/es\/wp-json\/wp\/v2\/media\/6686"}],"wp:attachment":[{"href":"https:\/\/courchesnelarose.com\/es\/wp-json\/wp\/v2\/media?parent=7053"}],"wp:term":[{"taxonomy":"category","embeddable":true,"href":"https:\/\/courchesnelarose.com\/es\/wp-json\/wp\/v2\/categories?post=7053"},{"taxonomy":"post_tag","embeddable":true,"href":"https:\/\/courchesnelarose.com\/es\/wp-json\/wp\/v2\/tags?post=7053"}],"curies":[{"name":"wp","href":"https:\/\/api.w.org\/{rel}","templated":true}]}}