{"id":7109,"date":"2018-09-19T11:17:53","date_gmt":"2018-09-19T15:17:53","guid":{"rendered":"http:\/\/courchesnelarose.emdev.ca\/courchesne-larose-celebre-ses-100-ans-en-grand\/"},"modified":"2019-03-20T17:08:05","modified_gmt":"2019-03-20T21:08:05","slug":"courchesne-larose-celebre-ses-100-ans-en-grand","status":"publish","type":"post","link":"https:\/\/courchesnelarose.com\/es\/courchesne-larose-celebre-ses-100-ans-en-grand\/","title":{"rendered":"Courchesne Larose c\u00e9l\u00e8bre ses 100 ans en grand"},"content":{"rendered":"<p>Le grand public sera d\u2019ailleurs appel\u00e9 \u00e0 prendre part aux festivit\u00e9s alors que les c\u00e9l\u00e9brations culmineront lors d\u2019un grand \u00e9v\u00e9nement familial au Stade olympique de Montr\u00e9al, le 5 octobre prochain, au cours duquel Courchesne Larose et ses partenaires tenteront de battre le record Guinness de la plus grande salade de fruits au monde.<\/p>\n<p><strong>100 jours de festivit\u00e9s<\/strong><br \/>\nLe coup d\u2019envoi des c\u00e9l\u00e9brations du centenaire de Courchesne Larose a \u00e9t\u00e9 donn\u00e9 le 8 septembre lors d\u2019un grand \u00e9v\u00e9nement rassemblant des centaines d\u2019employ\u00e9s de l\u2019entreprise et leur famille, l\u2019\u00e9quipe qui contribue aujourd\u2019hui \u00e0 b\u00e2tir les succ\u00e8s du prochain si\u00e8cle.<br \/>\nLe 17 octobre, un hommage sera rendu \u00e0 M. Louis-Charles Routhier, dont l\u2019engagement social exceptionnel sera reconnu par l\u2019organisme communautaire Je Passe Partout, qui \u0153uvre \u00e0 la pr\u00e9vention du d\u00e9crochage scolaire dans l\u2019arrondissement Hochelaga-Maisonneuve.<br \/>\nL\u2019importance de redonner \u00e0 la communaut\u00e9, au c\u0153ur de la culture de l\u2019entreprise, prendra une place importante au cours de ces 100 jours de f\u00eate. En effet, le 5 novembre, Courchesne Larose agira fi\u00e8rement \u00e0 titre de fournisseur officiel de fruits et l\u00e9gumes et de grand partenaire de la soir\u00e9e-b\u00e9n\u00e9fice \u00ab La Grande Tabl\u00e9e \u00bb, un \u00e9v\u00e9nement accueillant plus de 700 convives \u00e0 Montr\u00e9al et Qu\u00e9bec, pour un souper gastronomique dont les profits serviront \u00e0 d\u00e9velopper l\u2019\u00e9ducation culinaire des jeunes \u00e0 travers les programmes de La Tabl\u00e9e des Chefs.<\/p>\n<p>De m\u00eame, \u00e0 l\u2019occasion de la Grande Guignol\u00e9e des m\u00e9dias, le 6 d\u00e9cembre, la grande famille de Courchesne Larose se joindra au mouvement collectif pour faciliter la cueillette de denr\u00e9es afin d\u2019aider des milliers de familles dans le besoin.<br \/>\nCes 100 jours de c\u00e9l\u00e9brations se termineront le 16 d\u00e9cembre, \u00e0 l\u2019occasion du traditionnel party de No\u00ebl de l\u2019entreprise, au cours duquel une nouvelle initiative pour le d\u00e9veloppement des employ\u00e9s sera lanc\u00e9e.<br \/>\n\u00ab 100 ann\u00e9es de succ\u00e8s, \u00e7a ne s\u2019accomplit pas tout seul, et c\u2019est pourquoi il \u00e9tait important pour nous d\u2019inclure ceux et celles qui, par leur soutien et leur collaboration ind\u00e9fectibles, prennent part \u00e0 notre r\u00e9ussite depuis maintenant un si\u00e8cle, soit les membres de notre \u00e9quipe exceptionnelle ainsi que nos fid\u00e8les partenaires \u00bb, explique Alain Routhier, pr\u00e9sident de Courchesne Larose.<br \/>\nAu-del\u00e0 des activit\u00e9s pr\u00e9vues pour les employ\u00e9s et les collaborateurs qui contribuent au succ\u00e8s de l\u2019entreprise, ces festivit\u00e9s culmineront v\u00e9ritablement le 5 octobre, alors que l\u2019\u00e9quipe de Courchesne Larose, en collaboration avec La Tabl\u00e9e des Chefs, les Premiers Vendredis, Moisson Montr\u00e9al, l\u2019entreprise de jus LOOP, tentera de battre un record Guinness hors du commun.<\/p>\n<p><strong>La \u00ab Grande Coupe \u00bb : 20 000 livres de fruits pour une bonne cause<\/strong><br \/>\nParce que ce n\u2019est pas tous les jours qu\u2019on c\u00e9l\u00e8bre 100 ans d\u2019existence, Courchesne Larose entend marquer l\u2019histoire en tentant de battre le record Guinness de la plus grande salade de fruits au monde.<br \/>\nAinsi, le 5 octobre prochain, le grand public est invit\u00e9 \u00e0 l\u2019Esplanade Financi\u00e8re Sun Life du Stade olympique afin d\u2019assister \u00e0 la \u00ab Grande Coupe \u00bb, un \u00e9v\u00e9nement festif et familial hors de l\u2019ordinaire au cours duquel sera pr\u00e9par\u00e9e une gigantesque salade de fruits de plus de 20 000 livres, battant ainsi un record \u00e9tabli en 2014 \u00e0 Vienne, en Autriche. L\u2019\u00e9v\u00e9nement se d\u00e9roulera dans le cadre des Premiers Vendredis, le plus grand rassemblement de camions de cuisine de rue au Canada.<br \/>\nCette initiative est aussi pour une bonne cause, puisque la salade de fruits sera ensuite redistribu\u00e9e aux organismes communautaires desservant les personnes les plus fragilis\u00e9es \u00e0 travers le r\u00e9seau de Moisson Montr\u00e9al par le biais du programme de r\u00e9cup\u00e9ration alimentaire de La Tabl\u00e9e des Chefs.<\/p>\n<p><strong>Une affaire de famille<\/strong><br \/>\nOn ne peut parler de l\u2019histoire de Courchesne Larose sans parler de celle de la famille Routhier qui, d\u00e8s les premi\u00e8res ann\u00e9es avec l\u2019arriv\u00e9e de M. Raoul Routhier \u00e0 la t\u00eate de l\u2019entreprise, a contribu\u00e9 \u00e0 l\u2019essor de l\u2019entreprise. La croissance fulgurante de l\u2019entreprise s\u2019est poursuivie sous le leadership de M. Louis-Charles Routhier, et elle distribue aujourd\u2019hui des fruits et l\u00e9gumes frais et de qualit\u00e9 aux quatre coins du Qu\u00e9bec, de l\u2019Ontario et des Maritimes.<br \/>\n\u00ab Quand on regarde en arri\u00e8re et que l\u2019on constate d\u2019o\u00f9 toute cette histoire est partie, d\u2019une petite entreprise qui vendait des pommes et du foin dans l\u2019Est de Montr\u00e9al, pour se hisser aujourd\u2019hui parmi les plus grands distributeurs de fruits et l\u00e9gumes au pays, on ne peut qu\u2019\u00eatre impressionn\u00e9s. S\u2019ils \u00e9taient encore parmi nous, notre grand-p\u00e8re et notre p\u00e8re auraient assur\u00e9ment de quoi \u00eatre fiers ! \u00bb, ajoute Alain Routhier, pr\u00e9sident de Courchesne Larose Lt\u00e9e.<br \/>\nUn si\u00e8cle plus tard, le Groupe Courchesne Larose emploie maintenant plus de 500 personnes. La troisi\u00e8me g\u00e9n\u00e9ration, d\u00e9j\u00e0 bien en selle, pr\u00e9pare maintenant la quatri\u00e8me g\u00e9n\u00e9ration qui prendra un jour la rel\u00e8ve.<br \/>\n\u00ab Beaucoup de beaux projets qui attendent Courchesne Larose \u00e0 moyen et \u00e0 plus long terme. Et pour guider notre entreprise dans son deuxi\u00e8me si\u00e8cle d\u2019existence, nous allons pouvoir compter sur la quatri\u00e8me g\u00e9n\u00e9ration de la famille Routhier, qui sera appel\u00e9e \u00e0 prendre de plus de responsabilit\u00e9s au cours des prochaines ann\u00e9es. On n\u2019est pas pr\u00eats \u00e0 passer le flambeau tout de suite, mais on commence d\u00e9j\u00e0 \u00e0 pr\u00e9parer l\u2019avenir pour assurer que Courchesne Larose puisse continuer \u00e0 encha\u00eener les succ\u00e8s pour encore au moins 100 autres ann\u00e9es ! \u00bb, concluent les deux fr\u00e8res Routhier.<\/p>\n<p><strong>\u00c0 propos de Courchesne Larose<\/strong><br \/>\nJoueur de premier plan de l\u2019industrie canadienne des fruits et l\u00e9gumes depuis plus de 100 ans, Courchesne Larose Lt\u00e9e est une entreprise familiale constituant le navire amiral du Groupe Courchesne Larose. Sa mission premi\u00e8re est d\u2019offrir \u00e0 ses fournisseurs la vitrine la plus vaste et le meilleur r\u00e9seau de distribution de fruits et l\u00e9gumes frais pour l\u2019Est du Canada, permettant \u00e0 ses clients de b\u00e9n\u00e9ficier de produits diversifi\u00e9s et de qualit\u00e9 \u00e0 l\u2019ann\u00e9e. Ses fournisseurs sont issus des quatre coins de la plan\u00e8te et ses clients sont situ\u00e9s partout au Canada ainsi que sur la c\u00f4te Est am\u00e9ricaine.<\/p>\n<p><a href=\"https:\/\/www.lebulletin.com\/nouveaux-produits\/courchesne-larose-celebre-ses-100-ans-en-grand-95312\">Le Bulletin des agriculteurs, publi\u00e9 le 19 septembre 2018<\/a><\/p>\n","protected":false},"excerpt":{"rendered":"<p>Le grand public sera d\u2019ailleurs appel\u00e9 \u00e0 prendre part aux festivit\u00e9s alors que les c\u00e9l\u00e9brations culmineront lors d\u2019un grand \u00e9v\u00e9nement familial au Stade olympique de Montr\u00e9al, le 5 octobre prochain, au cours duquel Courchesne Larose et ses partenaires tenteront de battre le record Guinness de la plus grande salade de fruits au monde. 100 jours [&#8230;]<\/p>\n<p><a class=\"btn btn-secondary understrap-read-more-link\" href=\"https:\/\/courchesnelarose.com\/es\/courchesne-larose-celebre-ses-100-ans-en-grand\/\">Leer m\u00e1s&#8230;<\/a><\/p>\n","protected":false},"author":9,"featured_media":1556,"comment_status":"closed","ping_status":"closed","sticky":false,"template":"","format":"standard","meta":{"_acf_changed":false,"footnotes":""},"categories":[207],"tags":[],"class_list":["post-7109","post","type-post","status-publish","format-standard","has-post-thumbnail","hentry","category-sin-clasificar"],"acf":[],"yoast_head":"<!-- This site is optimized with the Yoast SEO plugin v27.4 - https:\/\/yoast.com\/product\/yoast-seo-wordpress\/ -->\n<title>Courchesne Larose c\u00e9l\u00e8bre ses 100 ans en grand - Courchesne Larose<\/title>\n<meta name=\"robots\" content=\"index, follow, max-snippet:-1, max-image-preview:large, max-video-preview:-1\" \/>\n<link rel=\"canonical\" href=\"https:\/\/courchesnelarose.com\/es\/courchesne-larose-celebre-ses-100-ans-en-grand\/\" \/>\n<meta property=\"og:locale\" content=\"es_ES\" \/>\n<meta property=\"og:type\" content=\"article\" \/>\n<meta property=\"og:title\" content=\"Courchesne Larose c\u00e9l\u00e8bre ses 100 ans en grand - Courchesne Larose\" \/>\n<meta property=\"og:description\" content=\"Le grand public sera d\u2019ailleurs appel\u00e9 \u00e0 prendre part aux festivit\u00e9s alors que les c\u00e9l\u00e9brations culmineront lors d\u2019un grand \u00e9v\u00e9nement familial au Stade olympique de Montr\u00e9al, le 5 octobre prochain, au cours duquel Courchesne Larose et ses partenaires tenteront de battre le record Guinness de la plus grande salade de fruits au monde. 100 jours [...]Leer m\u00e1s...\" \/>\n<meta property=\"og:url\" content=\"https:\/\/courchesnelarose.com\/es\/courchesne-larose-celebre-ses-100-ans-en-grand\/\" \/>\n<meta property=\"og:site_name\" content=\"Courchesne Larose\" \/>\n<meta property=\"article:published_time\" content=\"2018-09-19T15:17:53+00:00\" \/>\n<meta property=\"article:modified_time\" content=\"2019-03-20T21:08:05+00:00\" \/>\n<meta property=\"og:image\" content=\"https:\/\/cla.em2.dev\/wp-content\/uploads\/2018\/10\/1959.jpg\" \/>\n\t<meta property=\"og:image:width\" content=\"960\" \/>\n\t<meta property=\"og:image:height\" content=\"807\" \/>\n\t<meta property=\"og:image:type\" content=\"image\/jpeg\" \/>\n<meta name=\"author\" content=\"Michelle Pepin\" \/>\n<meta name=\"twitter:card\" content=\"summary_large_image\" \/>\n<meta name=\"twitter:label1\" content=\"Escrito por\" \/>\n\t<meta name=\"twitter:data1\" content=\"Michelle Pepin\" \/>\n\t<meta name=\"twitter:label2\" content=\"Tiempo de lectura\" \/>\n\t<meta name=\"twitter:data2\" content=\"5 minutos\" \/>\n<script type=\"application\/ld+json\" class=\"yoast-schema-graph\">{\"@context\":\"https:\\\/\\\/schema.org\",\"@graph\":[{\"@type\":\"Article\",\"@id\":\"https:\\\/\\\/courchesnelarose.com\\\/es\\\/courchesne-larose-celebre-ses-100-ans-en-grand\\\/#article\",\"isPartOf\":{\"@id\":\"https:\\\/\\\/courchesnelarose.com\\\/es\\\/courchesne-larose-celebre-ses-100-ans-en-grand\\\/\"},\"author\":{\"name\":\"Michelle Pepin\",\"@id\":\"https:\\\/\\\/courchesnelarose.com\\\/es\\\/#\\\/schema\\\/person\\\/bf42c91aa7a4863646ccbad23f69f0be\"},\"headline\":\"Courchesne Larose c\u00e9l\u00e8bre ses 100 ans en grand\",\"datePublished\":\"2018-09-19T15:17:53+00:00\",\"dateModified\":\"2019-03-20T21:08:05+00:00\",\"mainEntityOfPage\":{\"@id\":\"https:\\\/\\\/courchesnelarose.com\\\/es\\\/courchesne-larose-celebre-ses-100-ans-en-grand\\\/\"},\"wordCount\":1096,\"image\":{\"@id\":\"https:\\\/\\\/courchesnelarose.com\\\/es\\\/courchesne-larose-celebre-ses-100-ans-en-grand\\\/#primaryimage\"},\"thumbnailUrl\":\"https:\\\/\\\/courchesnelarose.com\\\/wp-content\\\/uploads\\\/2018\\\/10\\\/1959.jpg\",\"articleSection\":[\"Sin clasificar\"],\"inLanguage\":\"es\"},{\"@type\":\"WebPage\",\"@id\":\"https:\\\/\\\/courchesnelarose.com\\\/es\\\/courchesne-larose-celebre-ses-100-ans-en-grand\\\/\",\"url\":\"https:\\\/\\\/courchesnelarose.com\\\/es\\\/courchesne-larose-celebre-ses-100-ans-en-grand\\\/\",\"name\":\"Courchesne Larose c\u00e9l\u00e8bre ses 100 ans en grand - Courchesne Larose\",\"isPartOf\":{\"@id\":\"https:\\\/\\\/courchesnelarose.com\\\/es\\\/#website\"},\"primaryImageOfPage\":{\"@id\":\"https:\\\/\\\/courchesnelarose.com\\\/es\\\/courchesne-larose-celebre-ses-100-ans-en-grand\\\/#primaryimage\"},\"image\":{\"@id\":\"https:\\\/\\\/courchesnelarose.com\\\/es\\\/courchesne-larose-celebre-ses-100-ans-en-grand\\\/#primaryimage\"},\"thumbnailUrl\":\"https:\\\/\\\/courchesnelarose.com\\\/wp-content\\\/uploads\\\/2018\\\/10\\\/1959.jpg\",\"datePublished\":\"2018-09-19T15:17:53+00:00\",\"dateModified\":\"2019-03-20T21:08:05+00:00\",\"author\":{\"@id\":\"https:\\\/\\\/courchesnelarose.com\\\/es\\\/#\\\/schema\\\/person\\\/bf42c91aa7a4863646ccbad23f69f0be\"},\"breadcrumb\":{\"@id\":\"https:\\\/\\\/courchesnelarose.com\\\/es\\\/courchesne-larose-celebre-ses-100-ans-en-grand\\\/#breadcrumb\"},\"inLanguage\":\"es\",\"potentialAction\":[{\"@type\":\"ReadAction\",\"target\":[\"https:\\\/\\\/courchesnelarose.com\\\/es\\\/courchesne-larose-celebre-ses-100-ans-en-grand\\\/\"]}]},{\"@type\":\"ImageObject\",\"inLanguage\":\"es\",\"@id\":\"https:\\\/\\\/courchesnelarose.com\\\/es\\\/courchesne-larose-celebre-ses-100-ans-en-grand\\\/#primaryimage\",\"url\":\"https:\\\/\\\/courchesnelarose.com\\\/wp-content\\\/uploads\\\/2018\\\/10\\\/1959.jpg\",\"contentUrl\":\"https:\\\/\\\/courchesnelarose.com\\\/wp-content\\\/uploads\\\/2018\\\/10\\\/1959.jpg\",\"width\":960,\"height\":807},{\"@type\":\"BreadcrumbList\",\"@id\":\"https:\\\/\\\/courchesnelarose.com\\\/es\\\/courchesne-larose-celebre-ses-100-ans-en-grand\\\/#breadcrumb\",\"itemListElement\":[{\"@type\":\"ListItem\",\"position\":1,\"name\":\"Home\",\"item\":\"https:\\\/\\\/courchesnelarose.com\\\/es\\\/\"},{\"@type\":\"ListItem\",\"position\":2,\"name\":\"Courchesne Larose c\u00e9l\u00e8bre ses 100 ans en grand\"}]},{\"@type\":\"WebSite\",\"@id\":\"https:\\\/\\\/courchesnelarose.com\\\/es\\\/#website\",\"url\":\"https:\\\/\\\/courchesnelarose.com\\\/es\\\/\",\"name\":\"Courchesne Larose\",\"description\":\"\",\"potentialAction\":[{\"@type\":\"SearchAction\",\"target\":{\"@type\":\"EntryPoint\",\"urlTemplate\":\"https:\\\/\\\/courchesnelarose.com\\\/es\\\/?s={search_term_string}\"},\"query-input\":{\"@type\":\"PropertyValueSpecification\",\"valueRequired\":true,\"valueName\":\"search_term_string\"}}],\"inLanguage\":\"es\"},{\"@type\":\"Person\",\"@id\":\"https:\\\/\\\/courchesnelarose.com\\\/es\\\/#\\\/schema\\\/person\\\/bf42c91aa7a4863646ccbad23f69f0be\",\"name\":\"Michelle Pepin\",\"image\":{\"@type\":\"ImageObject\",\"inLanguage\":\"es\",\"@id\":\"https:\\\/\\\/secure.gravatar.com\\\/avatar\\\/56ada9a38f258d1139b774c2e5f74e0e54f12ca7a776a0d09d78347afdc2d9da?s=96&d=mm&r=g\",\"url\":\"https:\\\/\\\/secure.gravatar.com\\\/avatar\\\/56ada9a38f258d1139b774c2e5f74e0e54f12ca7a776a0d09d78347afdc2d9da?s=96&d=mm&r=g\",\"contentUrl\":\"https:\\\/\\\/secure.gravatar.com\\\/avatar\\\/56ada9a38f258d1139b774c2e5f74e0e54f12ca7a776a0d09d78347afdc2d9da?s=96&d=mm&r=g\",\"caption\":\"Michelle Pepin\"},\"url\":\"https:\\\/\\\/courchesnelarose.com\\\/es\\\/author\\\/michelle-pepin\\\/\"}]}<\/script>\n<!-- \/ Yoast SEO plugin. -->","yoast_head_json":{"title":"Courchesne Larose c\u00e9l\u00e8bre ses 100 ans en grand - Courchesne Larose","robots":{"index":"index","follow":"follow","max-snippet":"max-snippet:-1","max-image-preview":"max-image-preview:large","max-video-preview":"max-video-preview:-1"},"canonical":"https:\/\/courchesnelarose.com\/es\/courchesne-larose-celebre-ses-100-ans-en-grand\/","og_locale":"es_ES","og_type":"article","og_title":"Courchesne Larose c\u00e9l\u00e8bre ses 100 ans en grand - Courchesne Larose","og_description":"Le grand public sera d\u2019ailleurs appel\u00e9 \u00e0 prendre part aux festivit\u00e9s alors que les c\u00e9l\u00e9brations culmineront lors d\u2019un grand \u00e9v\u00e9nement familial au Stade olympique de Montr\u00e9al, le 5 octobre prochain, au cours duquel Courchesne Larose et ses partenaires tenteront de battre le record Guinness de la plus grande salade de fruits au monde. 100 jours [...]Leer m\u00e1s...","og_url":"https:\/\/courchesnelarose.com\/es\/courchesne-larose-celebre-ses-100-ans-en-grand\/","og_site_name":"Courchesne Larose","article_published_time":"2018-09-19T15:17:53+00:00","article_modified_time":"2019-03-20T21:08:05+00:00","og_image":[{"width":960,"height":807,"url":"https:\/\/cla.em2.dev\/wp-content\/uploads\/2018\/10\/1959.jpg","type":"image\/jpeg"}],"author":"Michelle Pepin","twitter_card":"summary_large_image","twitter_misc":{"Escrito por":"Michelle Pepin","Tiempo de lectura":"5 minutos"},"schema":{"@context":"https:\/\/schema.org","@graph":[{"@type":"Article","@id":"https:\/\/courchesnelarose.com\/es\/courchesne-larose-celebre-ses-100-ans-en-grand\/#article","isPartOf":{"@id":"https:\/\/courchesnelarose.com\/es\/courchesne-larose-celebre-ses-100-ans-en-grand\/"},"author":{"name":"Michelle Pepin","@id":"https:\/\/courchesnelarose.com\/es\/#\/schema\/person\/bf42c91aa7a4863646ccbad23f69f0be"},"headline":"Courchesne Larose c\u00e9l\u00e8bre ses 100 ans en grand","datePublished":"2018-09-19T15:17:53+00:00","dateModified":"2019-03-20T21:08:05+00:00","mainEntityOfPage":{"@id":"https:\/\/courchesnelarose.com\/es\/courchesne-larose-celebre-ses-100-ans-en-grand\/"},"wordCount":1096,"image":{"@id":"https:\/\/courchesnelarose.com\/es\/courchesne-larose-celebre-ses-100-ans-en-grand\/#primaryimage"},"thumbnailUrl":"https:\/\/courchesnelarose.com\/wp-content\/uploads\/2018\/10\/1959.jpg","articleSection":["Sin clasificar"],"inLanguage":"es"},{"@type":"WebPage","@id":"https:\/\/courchesnelarose.com\/es\/courchesne-larose-celebre-ses-100-ans-en-grand\/","url":"https:\/\/courchesnelarose.com\/es\/courchesne-larose-celebre-ses-100-ans-en-grand\/","name":"Courchesne Larose c\u00e9l\u00e8bre ses 100 ans en grand - Courchesne Larose","isPartOf":{"@id":"https:\/\/courchesnelarose.com\/es\/#website"},"primaryImageOfPage":{"@id":"https:\/\/courchesnelarose.com\/es\/courchesne-larose-celebre-ses-100-ans-en-grand\/#primaryimage"},"image":{"@id":"https:\/\/courchesnelarose.com\/es\/courchesne-larose-celebre-ses-100-ans-en-grand\/#primaryimage"},"thumbnailUrl":"https:\/\/courchesnelarose.com\/wp-content\/uploads\/2018\/10\/1959.jpg","datePublished":"2018-09-19T15:17:53+00:00","dateModified":"2019-03-20T21:08:05+00:00","author":{"@id":"https:\/\/courchesnelarose.com\/es\/#\/schema\/person\/bf42c91aa7a4863646ccbad23f69f0be"},"breadcrumb":{"@id":"https:\/\/courchesnelarose.com\/es\/courchesne-larose-celebre-ses-100-ans-en-grand\/#breadcrumb"},"inLanguage":"es","potentialAction":[{"@type":"ReadAction","target":["https:\/\/courchesnelarose.com\/es\/courchesne-larose-celebre-ses-100-ans-en-grand\/"]}]},{"@type":"ImageObject","inLanguage":"es","@id":"https:\/\/courchesnelarose.com\/es\/courchesne-larose-celebre-ses-100-ans-en-grand\/#primaryimage","url":"https:\/\/courchesnelarose.com\/wp-content\/uploads\/2018\/10\/1959.jpg","contentUrl":"https:\/\/courchesnelarose.com\/wp-content\/uploads\/2018\/10\/1959.jpg","width":960,"height":807},{"@type":"BreadcrumbList","@id":"https:\/\/courchesnelarose.com\/es\/courchesne-larose-celebre-ses-100-ans-en-grand\/#breadcrumb","itemListElement":[{"@type":"ListItem","position":1,"name":"Home","item":"https:\/\/courchesnelarose.com\/es\/"},{"@type":"ListItem","position":2,"name":"Courchesne Larose c\u00e9l\u00e8bre ses 100 ans en grand"}]},{"@type":"WebSite","@id":"https:\/\/courchesnelarose.com\/es\/#website","url":"https:\/\/courchesnelarose.com\/es\/","name":"Courchesne Larose","description":"","potentialAction":[{"@type":"SearchAction","target":{"@type":"EntryPoint","urlTemplate":"https:\/\/courchesnelarose.com\/es\/?s={search_term_string}"},"query-input":{"@type":"PropertyValueSpecification","valueRequired":true,"valueName":"search_term_string"}}],"inLanguage":"es"},{"@type":"Person","@id":"https:\/\/courchesnelarose.com\/es\/#\/schema\/person\/bf42c91aa7a4863646ccbad23f69f0be","name":"Michelle Pepin","image":{"@type":"ImageObject","inLanguage":"es","@id":"https:\/\/secure.gravatar.com\/avatar\/56ada9a38f258d1139b774c2e5f74e0e54f12ca7a776a0d09d78347afdc2d9da?s=96&d=mm&r=g","url":"https:\/\/secure.gravatar.com\/avatar\/56ada9a38f258d1139b774c2e5f74e0e54f12ca7a776a0d09d78347afdc2d9da?s=96&d=mm&r=g","contentUrl":"https:\/\/secure.gravatar.com\/avatar\/56ada9a38f258d1139b774c2e5f74e0e54f12ca7a776a0d09d78347afdc2d9da?s=96&d=mm&r=g","caption":"Michelle Pepin"},"url":"https:\/\/courchesnelarose.com\/es\/author\/michelle-pepin\/"}]}},"_links":{"self":[{"href":"https:\/\/courchesnelarose.com\/es\/wp-json\/wp\/v2\/posts\/7109","targetHints":{"allow":["GET"]}}],"collection":[{"href":"https:\/\/courchesnelarose.com\/es\/wp-json\/wp\/v2\/posts"}],"about":[{"href":"https:\/\/courchesnelarose.com\/es\/wp-json\/wp\/v2\/types\/post"}],"author":[{"embeddable":true,"href":"https:\/\/courchesnelarose.com\/es\/wp-json\/wp\/v2\/users\/9"}],"replies":[{"embeddable":true,"href":"https:\/\/courchesnelarose.com\/es\/wp-json\/wp\/v2\/comments?post=7109"}],"version-history":[{"count":0,"href":"https:\/\/courchesnelarose.com\/es\/wp-json\/wp\/v2\/posts\/7109\/revisions"}],"wp:featuredmedia":[{"embeddable":true,"href":"https:\/\/courchesnelarose.com\/es\/wp-json\/wp\/v2\/media\/1556"}],"wp:attachment":[{"href":"https:\/\/courchesnelarose.com\/es\/wp-json\/wp\/v2\/media?parent=7109"}],"wp:term":[{"taxonomy":"category","embeddable":true,"href":"https:\/\/courchesnelarose.com\/es\/wp-json\/wp\/v2\/categories?post=7109"},{"taxonomy":"post_tag","embeddable":true,"href":"https:\/\/courchesnelarose.com\/es\/wp-json\/wp\/v2\/tags?post=7109"}],"curies":[{"name":"wp","href":"https:\/\/api.w.org\/{rel}","templated":true}]}}